{"id":115495,"date":"2021-04-24T09:00:30","date_gmt":"2021-04-24T13:00:30","guid":{"rendered":"https:\/\/linitiative.ca\/International\/un-acquis-historique-pour-les-aviculteurs\/"},"modified":"2021-04-24T09:00:30","modified_gmt":"2021-04-24T13:00:30","slug":"un-acquis-historique-pour-les-aviculteurs","status":"publish","type":"post","link":"https:\/\/linitiative.ca\/International\/un-acquis-historique-pour-les-aviculteurs\/","title":{"rendered":"Un acquis historique pour les aviculteurs"},"content":{"rendered":"<header>\n<\/header>\n<div class=\"entry-content clearfix\" readability=\"65\">\n<figure class=\"post-thumbnail\" itemprop=\"associatedMedia\" itemscope=\"itemscope\" itemtype=\"http:\/\/schema.org\/ImageObject\"><img decoding=\"async\" class=\"post_layout_5_img\" src=\"http:\/\/aujourdhui.ma\/wp-content\/uploads\/2019\/07\/volaille-poules.jpg\" alt=\"Un acquis historique pour les aviculteurs\"\/><\/figure>\n<p><span class=\"c7\"><strong>Reclassement de la fili\u00e8re avicole comme activit\u00e9 agricole<\/strong><\/span><span id=\"more-374709\"\/><\/p>\n<p>Si la promulgation de la loi 49-99 relative \u00e0 la protection sanitaire des \u00e9levages avicoles repr\u00e9sente un levier d\u00e9terminant dans l\u2019organisation des \u00e9cosyst\u00e8mes du secteur, le reclassement fiscal des \u00e9leveurs de volailles dans le secteur agricole se veut pour sa part une grande r\u00e9alisation. \u00abCet acquis est historique \u00e0 plus d\u2019un titre, d\u2019abord par son importance pour les \u00e9leveurs qui voient la charge fiscale fortement r\u00e9duite, voire supprim\u00e9e pour les plus petits d\u2019entre eux, ensuite par le temps qu\u2019a pris cette revendication pour \u00eatre satisfaite, plus d\u2019un quart de si\u00e8cle, et ce dans un contexte du budget de l\u2019Etat totalement d\u00e9favorable\u00bb, apprend-on de la Fisa.<\/p>\n<p>Et de poursuivre que \u00able reclassement du secteur avicole comme activit\u00e9 agricole est une revendication de la profession depuis 1995, date de cr\u00e9ation de la F\u00e9d\u00e9ration interprofessionnelle du secteur avicole au Maroc (FISA), et qui a \u00e9t\u00e9 finalement consacr\u00e9e dans le cadre de la loi des finances au titre de l\u2019ann\u00e9e 2021, et ce gr\u00e2ce aux efforts d\u00e9ploy\u00e9s par la F\u00e9d\u00e9ration et ses associations membres\u00bb. Apr\u00e8s 25 ans, l\u2019amendement de l\u2019article 46 du code g\u00e9n\u00e9ral des imp\u00f4ts a r\u00e9tabli l\u2019\u00e9levage des volailles en tant que production animale tout comme l\u2019\u00e9levage des bovins, ovins, caprins et cam\u00e9lid\u00e9s. Ce reclassement permet ainsi aux professionnels du secteur avicole de b\u00e9n\u00e9ficier du r\u00e9gime fiscal agricole qui pr\u00e9voit une s\u00e9rie d\u2019incitations \u00e0 m\u00eame de promouvoir davantage la comp\u00e9titivit\u00e9 de ce secteur qui constitue un levier essentiel pour la pr\u00e9servation de l\u2019emploi, notamment en milieu rural.<\/p>\n<p>De ce fait, les \u00e9leveurs de volailles qui r\u00e9alisent un chiffre d\u2019affaires inf\u00e9rieur \u00e0 5 millions de dirhams b\u00e9n\u00e9ficieront de l\u2019exon\u00e9ration de paiement de l\u2019imp\u00f4t sur les soci\u00e9t\u00e9s ou de l\u2019imp\u00f4t sur le revenu. Tandis que les exploitants qui r\u00e9alisent un chiffre d\u2019affaires sup\u00e9rieur ou \u00e9gal \u00e0 5 millions de dirhams seront soumis \u00e0 un imp\u00f4t de 20% contre plus de 30% auparavant. Rappelons que cet amendement, tant attendu par les professionnels, est intervenu apr\u00e8s une s\u00e9rie de r\u00e9unions et de concertations entre la Fisa, l\u2019Association nationale des producteurs des viandes de volailles (Apv) et l\u2019Association nationale des producteurs d\u2019\u0153ufs de consommation (Anpo) avec les groupes parlementaires pour les convaincre d\u2019adopter le reclassement fiscal de l\u2019\u00e9levage des volailles.<\/p>\n<\/div>\n<p>Auteur: Kawtar Tali<br \/>\n<a href=\"https:\/\/aujourdhui.ma\/economie\/un-acquis-historique-pour-les-aviculteurs\">Cliquez ici pour lire l&rsquo;article depuis sa source.<\/a><\/p>\n","protected":false},"excerpt":{"rendered":"<p>Reclassement de la fili\u00e8re avicole comme activit\u00e9 agricole Si la promulgation de la loi 49-99 relative \u00e0 la protection sanitaire des \u00e9levages avicoles repr\u00e9sente un levier d\u00e9terminant dans l\u2019organisation des \u00e9cosyst\u00e8mes du secteur, le reclassement fiscal des \u00e9leveurs de volailles dans le secteur agricole se veut pour sa part une grande r\u00e9alisation. \u00abCet acquis est [&hellip;]<\/p>\n","protected":false},"author":1759,"featured_media":0,"comment_status":"closed","ping_status":"closed","sticky":false,"template":"","format":"standard","meta":{"fifu_image_url":"http:\/\/aujourdhui.ma\/wp-content\/uploads\/2019\/07\/volaille-poules.jpg","fifu_image_alt":"Un acquis historique pour les aviculteurs","footnotes":""},"categories":[73,54],"tags":[],"class_list":["post-115495","post","type-post","status-publish","format-standard","hentry","category-actualite","category-maroc"],"_links":{"self":[{"href":"https:\/\/linitiative.ca\/International\/wp-json\/wp\/v2\/posts\/115495","targetHints":{"allow":["GET"]}}],"collection":[{"href":"https:\/\/linitiative.ca\/International\/wp-json\/wp\/v2\/posts"}],"about":[{"href":"https:\/\/linitiative.ca\/International\/wp-json\/wp\/v2\/types\/post"}],"author":[{"embeddable":true,"href":"https:\/\/linitiative.ca\/International\/wp-json\/wp\/v2\/users\/1759"}],"replies":[{"embeddable":true,"href":"https:\/\/linitiative.ca\/International\/wp-json\/wp\/v2\/comments?post=115495"}],"version-history":[{"count":0,"href":"https:\/\/linitiative.ca\/International\/wp-json\/wp\/v2\/posts\/115495\/revisions"}],"wp:attachment":[{"href":"https:\/\/linitiative.ca\/International\/wp-json\/wp\/v2\/media?parent=115495"}],"wp:term":[{"taxonomy":"category","embeddable":true,"href":"https:\/\/linitiative.ca\/International\/wp-json\/wp\/v2\/categories?post=115495"},{"taxonomy":"post_tag","embeddable":true,"href":"https:\/\/linitiative.ca\/International\/wp-json\/wp\/v2\/tags?post=115495"}],"curies":[{"name":"wp","href":"https:\/\/api.w.org\/{rel}","templated":true}]}}