{"id":115498,"date":"2021-04-24T07:44:21","date_gmt":"2021-04-24T11:44:21","guid":{"rendered":"https:\/\/linitiative.ca\/International\/khalifa-sboui-nouveau-directeur-general-de-la-bts-bank\/"},"modified":"2021-04-24T07:44:21","modified_gmt":"2021-04-24T11:44:21","slug":"khalifa-sboui-nouveau-directeur-general-de-la-bts-bank","status":"publish","type":"post","link":"https:\/\/linitiative.ca\/International\/khalifa-sboui-nouveau-directeur-general-de-la-bts-bank\/","title":{"rendered":"Khalifa Sboui, nouveau directeur g\u00e9n\u00e9ral de la BTS BANK"},"content":{"rendered":"<p>La\u00a0Banque Tunisienne de Solidarit\u00e9, vient d\u2019annoncer la nomination de Mr Khalifa Sboui comme\u00a0nouveau directeur g\u00e9n\u00e9ral \u00a0de la BTS Bank.<\/p>\n<p>Agro-\u00e9conomiste de formation, Khalifa Sboui a grimp\u00e9 toutes les \u00e9chelles au sein de cette banque depuis sa cr\u00e9ation. Il \u00e9tait son DGA depuis 2014<\/p>\n<p>Khalifa Sboui est dot\u00e9 d\u2019une exp\u00e9rience riche et diversifi\u00e9e en mati\u00e8re de financement, d\u2019investissement et de d\u00e9veloppement r\u00e9gional (CGDR, ODNO\u2026). Il est aussi expert en microfinance. Il est membre de plusieurs Conseils d\u2019administration (SODINO, FRDCM\u2026).<\/p>\n<p>Le nouveau directeur g\u00e9n\u00e9ral de la BTS BANK est aussi actif dans de nombreuses organisations et associations de la soci\u00e9t\u00e9 civile.<\/p>\n<div class=\"wp-post-author-wrap wp-post-author-shortcode left\">\n<h3 class=\"awpa-title\"\/>\n<div class=\"wp-post-author\">\n<div class=\"awpa-img awpa-author-block square\"><a href=\"http:\/\/lexpertjournal.net\/fr\/?author=5\"><img loading=\"lazy\" decoding=\"async\" alt=\"\" src=\"http:\/\/0.gravatar.com\/avatar\/97f8e10a1c1125ba104a76514ee07b16?s=150&amp;d=mm&amp;r=g\" srcset=\"http:\/\/0.gravatar.com\/avatar\/97f8e10a1c1125ba104a76514ee07b16?s=300&amp;d=mm&amp;r=g 2x\" class=\"avatar avatar-150 photo\" height=\"150\" width=\"150\"\/><\/a><\/div>\n<\/div>\n<\/div>\n<aside class=\"mashsb-container mashsb-main mashsb-stretched\">\n<\/aside>\n<p>Auteur: L&rsquo;expert<br \/>\n<a href=\"http:\/\/lexpertjournal.net\/fr\/?p=19778\">Cliquez ici pour lire l&rsquo;article depuis sa source.<\/a><\/p>\n","protected":false},"excerpt":{"rendered":"<p>La\u00a0Banque Tunisienne de Solidarit\u00e9, vient d\u2019annoncer la nomination de Mr Khalifa Sboui comme\u00a0nouveau directeur g\u00e9n\u00e9ral \u00a0de la BTS Bank. Agro-\u00e9conomiste de formation, Khalifa Sboui a grimp\u00e9 toutes les \u00e9chelles au sein de cette banque depuis sa cr\u00e9ation. Il \u00e9tait son DGA depuis 2014 Khalifa Sboui est dot\u00e9 d\u2019une exp\u00e9rience riche et diversifi\u00e9e en mati\u00e8re de [&hellip;]<\/p>\n","protected":false},"author":1775,"featured_media":0,"comment_status":"closed","ping_status":"closed","sticky":false,"template":"","format":"standard","meta":{"fifu_image_url":"http:\/\/0.gravatar.com\/avatar\/97f8e10a1c1125ba104a76514ee07b16?s=150&d=mm&r=g","fifu_image_alt":"Khalifa Sboui, nouveau directeur g\u00e9n\u00e9ral de la BTS BANK","footnotes":""},"categories":[78,55],"tags":[],"class_list":["post-115498","post","type-post","status-publish","format-standard","hentry","category-economie","category-tunisie"],"_links":{"self":[{"href":"https:\/\/linitiative.ca\/International\/wp-json\/wp\/v2\/posts\/115498","targetHints":{"allow":["GET"]}}],"collection":[{"href":"https:\/\/linitiative.ca\/International\/wp-json\/wp\/v2\/posts"}],"about":[{"href":"https:\/\/linitiative.ca\/International\/wp-json\/wp\/v2\/types\/post"}],"author":[{"embeddable":true,"href":"https:\/\/linitiative.ca\/International\/wp-json\/wp\/v2\/users\/1775"}],"replies":[{"embeddable":true,"href":"https:\/\/linitiative.ca\/International\/wp-json\/wp\/v2\/comments?post=115498"}],"version-history":[{"count":0,"href":"https:\/\/linitiative.ca\/International\/wp-json\/wp\/v2\/posts\/115498\/revisions"}],"wp:attachment":[{"href":"https:\/\/linitiative.ca\/International\/wp-json\/wp\/v2\/media?parent=115498"}],"wp:term":[{"taxonomy":"category","embeddable":true,"href":"https:\/\/linitiative.ca\/International\/wp-json\/wp\/v2\/categories?post=115498"},{"taxonomy":"post_tag","embeddable":true,"href":"https:\/\/linitiative.ca\/International\/wp-json\/wp\/v2\/tags?post=115498"}],"curies":[{"name":"wp","href":"https:\/\/api.w.org\/{rel}","templated":true}]}}