{"id":115502,"date":"2021-04-24T11:20:00","date_gmt":"2021-04-24T15:20:00","guid":{"rendered":"https:\/\/linitiative.ca\/International\/le-rcd-met-en-garde-contre-laggravation-de-la-defiance-populaire\/"},"modified":"2021-04-24T11:20:00","modified_gmt":"2021-04-24T15:20:00","slug":"le-rcd-met-en-garde-contre-laggravation-de-la-defiance-populaire","status":"publish","type":"post","link":"https:\/\/linitiative.ca\/International\/le-rcd-met-en-garde-contre-laggravation-de-la-defiance-populaire\/","title":{"rendered":"Le RCD met en garde contre l\u2019aggravation de la \u00ab d\u00e9fiance populaire \u00bb"},"content":{"rendered":"<div id=\"originalText\" readability=\"59\">\n<p class=\"c6\">Le Rassemblement pour la culture et la d\u00e9mocratie (RCD) pr\u00e9voit pour l\u2019\u00e9lection l\u00e9gislative du 12 juin prochain \u00ab la m\u00eame d\u00e9saffection que le peuple a r\u00e9serv\u00e9e aux scrutins pr\u00e9c\u00e9dents\u00a0\u00bb, soulignant que \u00ab ce nouveau simulacre ne fera que prolonger le processus de non l\u00e9gitimation des institutions entam\u00e9 le 12 d\u00e9cembre 2019\u00a0\u00bb. Aussi, \u00ab\u00a0aggraver la d\u00e9fiance des populations\u00a0\u00bb avec le risque de \u00ab\u00a0plonger le pays dans l\u2019inconnu\u00bb.<\/p>\n<p class=\"c6\">Ainsi, le secr\u00e9tariat national du RCD, qui a tenu, hier, sa r\u00e9union mensuelle, a consid\u00e9r\u00e9, dans un communiqu\u00e9 publi\u00e9 sur sa page facebook, que le pouvoir, \u00abincapable de proposer le moindre projet pouvant r\u00e9unir un minimum de consensus et rassurer les Alg\u00e9riens sur leur avenir\u00a0\u00bb, \u00ab\u00a0s&rsquo;ent\u00eate \u00e0 poursuivre une feuille de route \u00e9labor\u00e9e sous la houlette de l\u2019ex chef d\u2019Etat-major pour la restauration du syst\u00e8me qui a ruin\u00e9 le pays\u00a0\u00bb.<\/p>\n<p class=\"c6\">Le parti a \u00e9galement relev\u00e9 que \u00ab\u00a0depuis la chute de Bouteflika, \u00e0 chaque passage en force pour imposer sa feuille de route \u00e9lectorale, le pouvoir intensifie la r\u00e9pression et les arrestations arbitraires de manifestants pacifiques, de journalistes dans l&rsquo;exercice de leur m\u00e9tier et de tous ceux qui osent exprimer une opinion libre\u00a0\u00bb.<\/p>\n<p class=\"c7\"><strong>R\u00e9daction Web<\/strong><\/p>\n<\/div>\n<div id=\"text_core\" readability=\"59\">\n<p class=\"c6\">Le Rassemblement pour la culture et la d\u00e9mocratie (RCD) pr\u00e9voit pour l\u2019\u00e9lection l\u00e9gislative du 12 juin prochain \u00ab la m\u00eame d\u00e9saffection que le peuple a r\u00e9serv\u00e9e aux scrutins pr\u00e9c\u00e9dents\u00a0\u00bb, soulignant que \u00ab ce nouveau simulacre ne fera que prolonger le processus de non l\u00e9gitimation des institutions entam\u00e9 le 12 d\u00e9cembre 2019\u00a0\u00bb. Aussi, \u00ab\u00a0aggraver la d\u00e9fiance des populations\u00a0\u00bb avec le risque de \u00ab\u00a0plonger le pays dans l\u2019inconnu\u00bb.<\/p>\n<p class=\"c6\">Ainsi, le secr\u00e9tariat national du RCD, qui a tenu, hier, sa r\u00e9union mensuelle, a consid\u00e9r\u00e9, dans un communiqu\u00e9 publi\u00e9 sur sa page facebook, que le pouvoir, \u00abincapable de proposer le moindre projet pouvant r\u00e9unir un minimum de consensus et rassurer les Alg\u00e9riens sur leur avenir\u00a0\u00bb, \u00ab\u00a0s&rsquo;ent\u00eate \u00e0 poursuivre une feuille de route \u00e9labor\u00e9e sous la houlette de l\u2019ex chef d\u2019Etat-major pour la restauration du syst\u00e8me qui a ruin\u00e9 le pays\u00a0\u00bb.<\/p>\n<p class=\"c6\">Le parti a \u00e9galement relev\u00e9 que \u00ab\u00a0depuis la chute de Bouteflika, \u00e0 chaque passage en force pour imposer sa feuille de route \u00e9lectorale, le pouvoir intensifie la r\u00e9pression et les arrestations arbitraires de manifestants pacifiques, de journalistes dans l&rsquo;exercice de leur m\u00e9tier et de tous ceux qui osent exprimer une opinion libre\u00a0\u00bb.<\/p>\n<p class=\"c7\"><strong>R\u00e9daction Web<\/strong><\/p>\n<\/div>\n<p>Auteur:<br \/>\n<a href=\"https:\/\/www.liberte-algerie.com\/actualite\/le-rcd-met-en-garde-contre-laggravation-de-la-defiance-populaire-357728\">Cliquez ici pour lire l&rsquo;article depuis sa source.<\/a><\/p>\n","protected":false},"excerpt":{"rendered":"<p>Le Rassemblement pour la culture et la d\u00e9mocratie (RCD) pr\u00e9voit pour l\u2019\u00e9lection l\u00e9gislative du 12 juin prochain \u00ab la m\u00eame d\u00e9saffection que le peuple a r\u00e9serv\u00e9e aux scrutins pr\u00e9c\u00e9dents\u00a0\u00bb, soulignant que \u00ab ce nouveau simulacre ne fera que prolonger le processus de non l\u00e9gitimation des institutions entam\u00e9 le 12 d\u00e9cembre 2019\u00a0\u00bb. Aussi, \u00ab\u00a0aggraver la d\u00e9fiance [&hellip;]<\/p>\n","protected":false},"author":1742,"featured_media":0,"comment_status":"closed","ping_status":"closed","sticky":false,"template":"","format":"standard","meta":{"fifu_image_url":"","fifu_image_alt":"","footnotes":""},"categories":[73,53],"tags":[],"class_list":["post-115502","post","type-post","status-publish","format-standard","hentry","category-actualite","category-algerie"],"_links":{"self":[{"href":"https:\/\/linitiative.ca\/International\/wp-json\/wp\/v2\/posts\/115502","targetHints":{"allow":["GET"]}}],"collection":[{"href":"https:\/\/linitiative.ca\/International\/wp-json\/wp\/v2\/posts"}],"about":[{"href":"https:\/\/linitiative.ca\/International\/wp-json\/wp\/v2\/types\/post"}],"author":[{"embeddable":true,"href":"https:\/\/linitiative.ca\/International\/wp-json\/wp\/v2\/users\/1742"}],"replies":[{"embeddable":true,"href":"https:\/\/linitiative.ca\/International\/wp-json\/wp\/v2\/comments?post=115502"}],"version-history":[{"count":0,"href":"https:\/\/linitiative.ca\/International\/wp-json\/wp\/v2\/posts\/115502\/revisions"}],"wp:attachment":[{"href":"https:\/\/linitiative.ca\/International\/wp-json\/wp\/v2\/media?parent=115502"}],"wp:term":[{"taxonomy":"category","embeddable":true,"href":"https:\/\/linitiative.ca\/International\/wp-json\/wp\/v2\/categories?post=115502"},{"taxonomy":"post_tag","embeddable":true,"href":"https:\/\/linitiative.ca\/International\/wp-json\/wp\/v2\/tags?post=115502"}],"curies":[{"name":"wp","href":"https:\/\/api.w.org\/{rel}","templated":true}]}}