{"id":115504,"date":"2021-04-24T09:06:26","date_gmt":"2021-04-24T13:06:26","guid":{"rendered":"https:\/\/linitiative.ca\/International\/mausolee-de-sidi-chiker-un-monument-abritant-le-1er-ribat-islamique\/"},"modified":"2021-04-24T09:06:26","modified_gmt":"2021-04-24T13:06:26","slug":"mausolee-de-sidi-chiker-un-monument-abritant-le-1er-ribat-islamique","status":"publish","type":"post","link":"https:\/\/linitiative.ca\/International\/mausolee-de-sidi-chiker-un-monument-abritant-le-1er-ribat-islamique\/","title":{"rendered":"Mausol\u00e9e de Sidi Chiker, un monument abritant le 1er \u00ab Ribat islamique \u00bb"},"content":{"rendered":"<p><iframe loading=\"lazy\" width=\"1170\" height=\"658\" src=\"https:\/\/www.youtube.com\/embed\/hwLfoQU0kGs?start=1&amp;feature=oembed\" frameborder=\"0\" allow=\"accelerometer; autoplay; clipboard-write; encrypted-media; gyroscope; picture-in-picture\" allowfullscreen=\"allowfullscreen\">[embedded content]<\/iframe><\/p>\n<div class=\"single-post-excerpt post-excerpt-bc\" readability=\"35\">\n<p>A 80 km au sud-ouest de Marrakech tr\u00f4ne le mausol\u00e9e de Sidi Chiker, un monument religieux \u00e0 forte charge historique et spirituelle qui fut le premier \u00ab Ribat islamique \u00bb \u00e9difi\u00e9 le long de l\u2019Oc\u00e9an Atlantique au Maroc durant la p\u00e9riode de la conqu\u00eate islamique.<\/p>\n<\/div>\n<p>Auteur: Meriem IGASS<br \/>\n<a href=\"http:\/\/www.mapmarrakech.ma\/fr\/mausolee-de-sidi-chiker-un-monument-abritant-le-1er-ribat-islamique-2\/\">Cliquez ici pour lire l&rsquo;article depuis sa source.<\/a><\/p>\n","protected":false},"excerpt":{"rendered":"<p>[embedded content] A 80 km au sud-ouest de Marrakech tr\u00f4ne le mausol\u00e9e de Sidi Chiker, un monument religieux \u00e0 forte charge historique et spirituelle qui fut le premier \u00ab Ribat islamique \u00bb \u00e9difi\u00e9 le long de l\u2019Oc\u00e9an Atlantique au Maroc durant la p\u00e9riode de la conqu\u00eate islamique. Auteur: Meriem IGASS Cliquez ici pour lire l&rsquo;article [&hellip;]<\/p>\n","protected":false},"author":1788,"featured_media":0,"comment_status":"closed","ping_status":"closed","sticky":false,"template":"","format":"standard","meta":{"fifu_image_url":"","fifu_image_alt":"","footnotes":""},"categories":[54,76],"tags":[],"class_list":["post-115504","post","type-post","status-publish","format-standard","hentry","category-maroc","category-regions"],"_links":{"self":[{"href":"https:\/\/linitiative.ca\/International\/wp-json\/wp\/v2\/posts\/115504","targetHints":{"allow":["GET"]}}],"collection":[{"href":"https:\/\/linitiative.ca\/International\/wp-json\/wp\/v2\/posts"}],"about":[{"href":"https:\/\/linitiative.ca\/International\/wp-json\/wp\/v2\/types\/post"}],"author":[{"embeddable":true,"href":"https:\/\/linitiative.ca\/International\/wp-json\/wp\/v2\/users\/1788"}],"replies":[{"embeddable":true,"href":"https:\/\/linitiative.ca\/International\/wp-json\/wp\/v2\/comments?post=115504"}],"version-history":[{"count":0,"href":"https:\/\/linitiative.ca\/International\/wp-json\/wp\/v2\/posts\/115504\/revisions"}],"wp:attachment":[{"href":"https:\/\/linitiative.ca\/International\/wp-json\/wp\/v2\/media?parent=115504"}],"wp:term":[{"taxonomy":"category","embeddable":true,"href":"https:\/\/linitiative.ca\/International\/wp-json\/wp\/v2\/categories?post=115504"},{"taxonomy":"post_tag","embeddable":true,"href":"https:\/\/linitiative.ca\/International\/wp-json\/wp\/v2\/tags?post=115504"}],"curies":[{"name":"wp","href":"https:\/\/api.w.org\/{rel}","templated":true}]}}