{"id":115505,"date":"2021-04-24T09:11:43","date_gmt":"2021-04-24T13:11:43","guid":{"rendered":"https:\/\/linitiative.ca\/International\/les-marches-largement-approvisionnes-a-loccasion-du-ramadan\/"},"modified":"2021-04-24T09:11:43","modified_gmt":"2021-04-24T13:11:43","slug":"les-marches-largement-approvisionnes-a-loccasion-du-ramadan","status":"publish","type":"post","link":"https:\/\/linitiative.ca\/International\/les-marches-largement-approvisionnes-a-loccasion-du-ramadan\/","title":{"rendered":"Les march\u00e9s largement approvisionn\u00e9s \u00e0 l\u2019occasion du Ramadan"},"content":{"rendered":"<p><iframe loading=\"lazy\" width=\"1170\" height=\"658\" src=\"https:\/\/www.youtube.com\/embed\/vQBO3m1LdxU?feature=oembed\" frameborder=\"0\" allow=\"accelerometer; autoplay; clipboard-write; encrypted-media; gyroscope; picture-in-picture\" allowfullscreen=\"allowfullscreen\">[embedded content]<\/iframe><\/p>\n<div class=\"single-post-excerpt post-excerpt-bc\" readability=\"37\">\n<p>Les diff\u00e9rents march\u00e9s et points de vente relevant de la province de Chichaoua sont largement approvisionn\u00e9s, \u00e0 m\u00eame de r\u00e9pondre, de fa\u00e7on normale et suffisante, aux besoins des consommateurs en denr\u00e9es alimentaires notamment ceux les plus pris\u00e9es en ce mois sacr\u00e9e du Ramadan.<\/p>\n<\/div>\n<p>Auteur: Meriem IGASS<br \/>\n<a href=\"http:\/\/www.mapmarrakech.ma\/fr\/les-marches-largement-approvisionnes-a-loccasion-du-ramadan-2\/\">Cliquez ici pour lire l&rsquo;article depuis sa source.<\/a><\/p>\n","protected":false},"excerpt":{"rendered":"<p>[embedded content] Les diff\u00e9rents march\u00e9s et points de vente relevant de la province de Chichaoua sont largement approvisionn\u00e9s, \u00e0 m\u00eame de r\u00e9pondre, de fa\u00e7on normale et suffisante, aux besoins des consommateurs en denr\u00e9es alimentaires notamment ceux les plus pris\u00e9es en ce mois sacr\u00e9e du Ramadan. Auteur: Meriem IGASS Cliquez ici pour lire l&rsquo;article depuis sa [&hellip;]<\/p>\n","protected":false},"author":1788,"featured_media":0,"comment_status":"closed","ping_status":"closed","sticky":false,"template":"","format":"standard","meta":{"fifu_image_url":"","fifu_image_alt":"","footnotes":""},"categories":[54,76],"tags":[],"class_list":["post-115505","post","type-post","status-publish","format-standard","hentry","category-maroc","category-regions"],"_links":{"self":[{"href":"https:\/\/linitiative.ca\/International\/wp-json\/wp\/v2\/posts\/115505","targetHints":{"allow":["GET"]}}],"collection":[{"href":"https:\/\/linitiative.ca\/International\/wp-json\/wp\/v2\/posts"}],"about":[{"href":"https:\/\/linitiative.ca\/International\/wp-json\/wp\/v2\/types\/post"}],"author":[{"embeddable":true,"href":"https:\/\/linitiative.ca\/International\/wp-json\/wp\/v2\/users\/1788"}],"replies":[{"embeddable":true,"href":"https:\/\/linitiative.ca\/International\/wp-json\/wp\/v2\/comments?post=115505"}],"version-history":[{"count":0,"href":"https:\/\/linitiative.ca\/International\/wp-json\/wp\/v2\/posts\/115505\/revisions"}],"wp:attachment":[{"href":"https:\/\/linitiative.ca\/International\/wp-json\/wp\/v2\/media?parent=115505"}],"wp:term":[{"taxonomy":"category","embeddable":true,"href":"https:\/\/linitiative.ca\/International\/wp-json\/wp\/v2\/categories?post=115505"},{"taxonomy":"post_tag","embeddable":true,"href":"https:\/\/linitiative.ca\/International\/wp-json\/wp\/v2\/tags?post=115505"}],"curies":[{"name":"wp","href":"https:\/\/api.w.org\/{rel}","templated":true}]}}