{"id":115506,"date":"2021-04-24T09:20:40","date_gmt":"2021-04-24T13:20:40","guid":{"rendered":"https:\/\/linitiative.ca\/International\/indh-approbation-de-plusieurs-projets-proposes-au-titre-de-2021\/"},"modified":"2021-04-24T09:20:40","modified_gmt":"2021-04-24T13:20:40","slug":"indh-approbation-de-plusieurs-projets-proposes-au-titre-de-2021","status":"publish","type":"post","link":"https:\/\/linitiative.ca\/International\/indh-approbation-de-plusieurs-projets-proposes-au-titre-de-2021\/","title":{"rendered":"INDH: Approbation de plusieurs projets propos\u00e9s au titre de 2021"},"content":{"rendered":"<p><iframe loading=\"lazy\" width=\"1170\" height=\"658\" src=\"https:\/\/www.youtube.com\/embed\/tqExOdyqPMs?feature=oembed\" frameborder=\"0\" allow=\"accelerometer; autoplay; clipboard-write; encrypted-media; gyroscope; picture-in-picture\" allowfullscreen=\"allowfullscreen\">[embedded content]<\/iframe><\/p>\n<div class=\"single-post-excerpt post-excerpt-bc\" readability=\"39\">\n<p>Le Comit\u00e9 Provincial de D\u00e9veloppement Humain (CPDH) de Youssoufia a tenu mercredi, au si\u00e8ge de la pr\u00e9fecture de la dite province, une r\u00e9union de travail consacr\u00e9e, entre autres, \u00e0 l\u2019approbation de plusieurs projets propos\u00e9s dans le cadre de l\u2019Initiative Nationale Pour le D\u00e9veloppement Humain (INDH) au titre de l\u2019ann\u00e9e 2021.<\/p>\n<\/div>\n<p>Auteur: Meriem IGASS<br \/>\n<a href=\"http:\/\/www.mapmarrakech.ma\/fr\/indh-approbation-de-plusieurs-projets-proposes-au-titre-de-2021-2\/\">Cliquez ici pour lire l&rsquo;article depuis sa source.<\/a><\/p>\n","protected":false},"excerpt":{"rendered":"<p>[embedded content] Le Comit\u00e9 Provincial de D\u00e9veloppement Humain (CPDH) de Youssoufia a tenu mercredi, au si\u00e8ge de la pr\u00e9fecture de la dite province, une r\u00e9union de travail consacr\u00e9e, entre autres, \u00e0 l\u2019approbation de plusieurs projets propos\u00e9s dans le cadre de l\u2019Initiative Nationale Pour le D\u00e9veloppement Humain (INDH) au titre de l\u2019ann\u00e9e 2021. Auteur: Meriem IGASS [&hellip;]<\/p>\n","protected":false},"author":1788,"featured_media":0,"comment_status":"closed","ping_status":"closed","sticky":false,"template":"","format":"standard","meta":{"fifu_image_url":"","fifu_image_alt":"","footnotes":""},"categories":[54,76],"tags":[],"class_list":["post-115506","post","type-post","status-publish","format-standard","hentry","category-maroc","category-regions"],"_links":{"self":[{"href":"https:\/\/linitiative.ca\/International\/wp-json\/wp\/v2\/posts\/115506","targetHints":{"allow":["GET"]}}],"collection":[{"href":"https:\/\/linitiative.ca\/International\/wp-json\/wp\/v2\/posts"}],"about":[{"href":"https:\/\/linitiative.ca\/International\/wp-json\/wp\/v2\/types\/post"}],"author":[{"embeddable":true,"href":"https:\/\/linitiative.ca\/International\/wp-json\/wp\/v2\/users\/1788"}],"replies":[{"embeddable":true,"href":"https:\/\/linitiative.ca\/International\/wp-json\/wp\/v2\/comments?post=115506"}],"version-history":[{"count":0,"href":"https:\/\/linitiative.ca\/International\/wp-json\/wp\/v2\/posts\/115506\/revisions"}],"wp:attachment":[{"href":"https:\/\/linitiative.ca\/International\/wp-json\/wp\/v2\/media?parent=115506"}],"wp:term":[{"taxonomy":"category","embeddable":true,"href":"https:\/\/linitiative.ca\/International\/wp-json\/wp\/v2\/categories?post=115506"},{"taxonomy":"post_tag","embeddable":true,"href":"https:\/\/linitiative.ca\/International\/wp-json\/wp\/v2\/tags?post=115506"}],"curies":[{"name":"wp","href":"https:\/\/api.w.org\/{rel}","templated":true}]}}