{"id":115507,"date":"2021-04-24T09:49:31","date_gmt":"2021-04-24T13:49:31","guid":{"rendered":"https:\/\/linitiative.ca\/International\/lesav-de-marrakech-se-distingue-lors-du-first-short\/"},"modified":"2021-04-24T09:49:31","modified_gmt":"2021-04-24T13:49:31","slug":"lesav-de-marrakech-se-distingue-lors-du-first-short","status":"publish","type":"post","link":"https:\/\/linitiative.ca\/International\/lesav-de-marrakech-se-distingue-lors-du-first-short\/","title":{"rendered":"L\u2019ESAV de Marrakech se distingue lors du First Short"},"content":{"rendered":"<div readability=\"35\">\n<p>Marrakech \u2013 L\u2019Ecole Sup\u00e9rieure des Arts Visuels (ESAV) de Marrakech s\u2019est distingu\u00e9e lors du First Short Festival Panafricain de films \u00e9cole de Yaound\u00e9 (Cameroun), qui s\u2019est tenu du 14 au 17 avril courant.<\/p>\n<\/div>\n<div readability=\"98\">\n<p>Le film \u00ab\u00a0ILA KIKO\u00a0\u00bb du jeune r\u00e9alisateur s\u00e9n\u00e9galais Aziz Basse, qui est form\u00e9 \u00e0 l\u2019ESAV de Marrakech, a remport\u00e9 \u00ab\u00a0le Stylo d\u2019Or du Meilleur Film de Fiction d\u2019\u00c9cole\u00a0\u00bb de ce festival continental, a indiqu\u00e9 un communiqu\u00e9 de cette \u00e9cole marocaine de formation aux m\u00e9tiers cin\u00e9matographiques et visuels.<\/p>\n<p>\u00ab\u00a0ILA KIKO\u00a0\u00bb (Marque tribale) est l\u2019appellation de la marque tribale de la tribu (groupe ethnique) du Yoruba qui vit un peu partout en Afrique de l\u2019ouest notamment au Nig\u00e9ria et la C\u00f4te d\u2019Ivoire.<\/p>\n<p>Ce film, tourn\u00e9 \u00e0 Lagos (Nig\u00e9ria) dans le cadre du programme Cin\u00e9 Nomad School 2019, relate l\u2019histoire de Ryan, un jeune nig\u00e9rian \u00e2g\u00e9 de 12 ans et appartenant \u00e0 la haute tribu des Bengas. Ce jeune refuse de se faire scarifier lors d\u2019un rituel pour marquer son appartenance \u00e0 la communaut\u00e9. Mais, ce choix de sa part aura des cons\u00e9quences dont il est loin de se douter.<\/p>\n<p>\u00ab\u00a0A travers ce court-m\u00e9trage, je voulais d\u00e9noncer le rejet de certaines traditions africaines par notre soci\u00e9t\u00e9 contemporaine, mais aussi montrer l\u2019importance de certains rituels de tribu qui permettent \u00e0 la fois de pr\u00e9server l\u2019\u00e2me, de d\u00e9terminer la place et la valeur d\u2019une personne dans la soci\u00e9t\u00e9. Ces marques tribales sont aussi un v\u00eatement ou un bouclier qui prot\u00e8ge l\u2019individu dans toutes circonstances\u00a0\u00bb, a soulign\u00e9 le jeune r\u00e9alisateur du film.<\/p>\n<p>\u00ab\u00a0Ce film servira \u00e9galement de d\u00e9noncer les kidnappings d\u2019enfants et de meurtres rituels (sacrifices humains) dans certains coins du continent qui sont commis le plus souvent dans le but d\u2019apporter la puissance et la richesse\u00a0\u00bb, a-t-il ajout\u00e9.<\/p>\n<p>Lors de ce festival continental, l\u2019ESAV s\u2019est vu aussi attribu\u00e9e le Stylo d\u2019Or de la Meilleure \u00c9cole de Cin\u00e9ma.<\/p>\n<p>Cr\u00e9\u00e9 en 2006 par la Fondation Susanna Bierdemann, l\u2019ESAV est un \u00e9tablissement priv\u00e9 d\u2019enseignement sup\u00e9rieur \u00e0 vocation de service public, qui forme aux m\u00e9tiers du cin\u00e9ma, du graphisme et de la communication visuelle.<\/p>\n<p>Cr\u00e9\u00e9 en 2014 \u00e0 Yaound\u00e9 au Cameroun, le First Short ou Festival Panafricain de films \u00e9cole de Yaound\u00e9 est un festival international ancr\u00e9 dans le paysage et les pratiques culturelles de la ville de Yaound\u00e9 capitale politique du Cameroun.<\/p>\n<p>Une centaine de films \u00e9cole ont \u00e9t\u00e9 projet\u00e9s dans le cadre de ce festival depuis sa cr\u00e9ation.<\/p>\n<p>Le First short se distingue par la vari\u00e9t\u00e9 de ses sites de projections dans les \u00e9coles, les quartiers et salles conventionnelles. Pour cette \u00e9dition, les organisateurs ont limit\u00e9 les activit\u00e9s sur le plan organisationnel \u00e0 cause de la pand\u00e9mie du nouveau Coronavirus.<\/p>\n<p>Ce festival a pour objectifs de cr\u00e9er un espace d\u2019\u00e9change et de diffusion des films d\u2019\u00e9cole, d\u2019offrir au public camerounais et \u00e9tranger une programmation des films \u00e9coles et espoir s\u00e9lectionn\u00e9s pour leur originalit\u00e9 et pour leur qualit\u00e9, susciter la cr\u00e9ation des salles conventionnelles de cin\u00e9ma pour la diffusion conforme des films \u00e9coles camerounais et africains et accompagner des jeunes talents dans les projets artistiques, culturels, et de d\u00e9veloppement.<\/p>\n<\/div>\n<p>Auteur: Meriem IGASS<br \/>\n<a href=\"http:\/\/www.mapmarrakech.ma\/fr\/lesav-de-marrakech-se-distingue-lors-du-first-short\/\">Cliquez ici pour lire l&rsquo;article depuis sa source.<\/a><\/p>\n","protected":false},"excerpt":{"rendered":"<p>Marrakech \u2013 L\u2019Ecole Sup\u00e9rieure des Arts Visuels (ESAV) de Marrakech s\u2019est distingu\u00e9e lors du First Short Festival Panafricain de films \u00e9cole de Yaound\u00e9 (Cameroun), qui s\u2019est tenu du 14 au 17 avril courant. Le film \u00ab\u00a0ILA KIKO\u00a0\u00bb du jeune r\u00e9alisateur s\u00e9n\u00e9galais Aziz Basse, qui est form\u00e9 \u00e0 l\u2019ESAV de Marrakech, a remport\u00e9 \u00ab\u00a0le Stylo d\u2019Or [&hellip;]<\/p>\n","protected":false},"author":1788,"featured_media":0,"comment_status":"closed","ping_status":"closed","sticky":false,"template":"","format":"standard","meta":{"fifu_image_url":"","fifu_image_alt":"","footnotes":""},"categories":[54,76],"tags":[],"class_list":["post-115507","post","type-post","status-publish","format-standard","hentry","category-maroc","category-regions"],"_links":{"self":[{"href":"https:\/\/linitiative.ca\/International\/wp-json\/wp\/v2\/posts\/115507","targetHints":{"allow":["GET"]}}],"collection":[{"href":"https:\/\/linitiative.ca\/International\/wp-json\/wp\/v2\/posts"}],"about":[{"href":"https:\/\/linitiative.ca\/International\/wp-json\/wp\/v2\/types\/post"}],"author":[{"embeddable":true,"href":"https:\/\/linitiative.ca\/International\/wp-json\/wp\/v2\/users\/1788"}],"replies":[{"embeddable":true,"href":"https:\/\/linitiative.ca\/International\/wp-json\/wp\/v2\/comments?post=115507"}],"version-history":[{"count":0,"href":"https:\/\/linitiative.ca\/International\/wp-json\/wp\/v2\/posts\/115507\/revisions"}],"wp:attachment":[{"href":"https:\/\/linitiative.ca\/International\/wp-json\/wp\/v2\/media?parent=115507"}],"wp:term":[{"taxonomy":"category","embeddable":true,"href":"https:\/\/linitiative.ca\/International\/wp-json\/wp\/v2\/categories?post=115507"},{"taxonomy":"post_tag","embeddable":true,"href":"https:\/\/linitiative.ca\/International\/wp-json\/wp\/v2\/tags?post=115507"}],"curies":[{"name":"wp","href":"https:\/\/api.w.org\/{rel}","templated":true}]}}