{"id":115508,"date":"2021-04-24T10:47:17","date_gmt":"2021-04-24T14:47:17","guid":{"rendered":"https:\/\/linitiative.ca\/International\/la-koutoubia-un-lieu-de-la-consecration-des-valeurs-de-lislam\/"},"modified":"2021-04-24T10:47:17","modified_gmt":"2021-04-24T14:47:17","slug":"la-koutoubia-un-lieu-de-la-consecration-des-valeurs-de-lislam","status":"publish","type":"post","link":"https:\/\/linitiative.ca\/International\/la-koutoubia-un-lieu-de-la-consecration-des-valeurs-de-lislam\/","title":{"rendered":"La Koutoubia, un lieu de la cons\u00e9cration des valeurs de l\u2019Islam"},"content":{"rendered":"<div readability=\"37\">\n<p>Par : Omar Er-rouch<br \/>Marrakech \u2013 Nich\u00e9 au c\u0153ur de la cit\u00e9 ocre avec un imposant minaret qui r\u00e8gne en t\u00e9moin sur la mythique place de Jama\u00e2 El Fna, la Mosqu\u00e9e de la Koutoubia embarque ses visiteurs dans un long p\u00e9riple \u00e0 travers les si\u00e8cles, le temps de d\u00e9couvrir l\u2019histoire d\u2019un \u00e9difice embl\u00e9matique qui avait largement contribu\u00e9 \u00e0 la p\u00e9rennisation des valeurs et pr\u00e9ceptes de l\u2019islam mod\u00e9r\u00e9 et du juste milieu.<\/p>\n<\/div>\n<div readability=\"141\">\n<p>Durant le mois sacr\u00e9 du Ramadan comme dans les autres jours de l\u2019ann\u00e9e, les fid\u00e8les de tout \u00e2ge affluent en masse en provenance de tous les quartiers de la cit\u00e9 ocre, pour prendre place dans l\u2019enceinte de la mosqu\u00e9e mythique pour \u00e9couter le pr\u00eache et accomplir les cinq pri\u00e8res du jour, tout comme la pri\u00e8re de vendredi dans un ambiance de pi\u00e9t\u00e9, de b\u00e9n\u00e9diction et de recueillement.<\/p>\n<p>\u00ab\u00a0Malgr\u00e9 les mesures pr\u00e9ventives et restrictives prises par les autorit\u00e9s comp\u00e9tentes pour endiguer la propagation du coronavirus, notamment avec l\u2019apparition de nouveaux variants, les fid\u00e8les affluent en masse de tous les quartiers, m\u00eame les plus loin, pour accomplir dans cette mosqu\u00e9e, leur devoir spirituel et l\u2019un des cinq piliers fondamentaux de l\u2019islam. Une mosqu\u00e9e qui se veut le symbole historique de la Cit\u00e9 ocre\u00a0\u00bb, a confi\u00e9 \u00e0 la MAP, M. Ahmed Bouchikhi, imam de la mosqu\u00e9e de la Koutoubia.<\/p>\n<p>\u00ab\u00a0La Koutoubia, un monument civilisationnel, religieux et culturel embl\u00e9matique du Marrakech et du Royaume, a constitu\u00e9, tout au long de l\u2019histoire, un lieu d\u2019attraction et un espace de retrouvailles et d\u2019\u00e9changes pour les oul\u00e9mas et les \u00e9tudiants, ainsi qu\u2019un centre de rayonnement des sciences islamiques et humaines, diffus\u00e9es par nos savants, partout dans le monde\u00a0\u00bb, a relev\u00e9 l\u2019imam.<\/p>\n<p>Dans ce sens, M. Bouchikhi a rappel\u00e9 que Feu SM Hassan II et Sa Majest\u00e9 le Roi Mohammed VI, Amir Al Mouminine, ont accompli la pri\u00e8re de vendredi \u00e0 la mosqu\u00e9e de la Koutoubia, ce qui montre la Haute Sollicitude Royale permanente envers cette mosqu\u00e9e mill\u00e9naire.<\/p>\n<p>Dans le respect total des mesures de pr\u00e9vention et de pr\u00e9caution \u00e9dict\u00e9es par le minist\u00e8re des Habous et des affaires islamiques pour lutter contre la propagation de la Covid-19, les fid\u00e8les empruntent, lors de chaque pri\u00e8re, les diff\u00e9rentes portes de la mosqu\u00e9e avant d\u2019\u00eatre accueillis par une profusion de colonnes qui meublent la grande salle de pri\u00e8re, donnant sur une immense cour d\u00e9limit\u00e9e par un portique, dans un plan purement arabe hypostyle, o\u00f9 les nefs sont form\u00e9es d\u2019arcades perpendiculaires \u00e0 la \u00ab\u00a0Kibla\u00a0\u00bb.<\/p>\n<p>Soutenues par de nombreux piliers blancs, les dix-sept nefs de la Koutoubia abritent l\u2019une des plus vastes salles de pri\u00e8re de l\u2019Occident musulman (90 \u00d7 60 m) pouvant accueillir jusqu\u2019\u00e0 20.000 fid\u00e8les.<\/p>\n<p>Son somptueux minaret de 77 m\u00e8tres, percevable des quatre coins de la Cit\u00e9 ocre, compte trois boules en cuivre, sans compter la quatri\u00e8me qui forme la pointe, chacune repr\u00e9sente une terre sainte de l\u2019Islam : la Mecque, La M\u00e9dine et Al-Qods.<\/p>\n<p>Le nom de cet \u00e9difice religieux est d\u00e9riv\u00e9 du mot \u00ab\u00a0koutubiyoun\u00a0\u00bb, qui d\u00e9signait les marchands de livres et de manuscrits d\u2019\u00e9poque. Ces espaces de vente et d\u2019\u00e9change entouraient l\u2019\u00e9difice, ce qui avait inspir\u00e9 le nom de la Koutoubia mais, aussi de \u00ab\u00a0mosqu\u00e9e des libraires\u00a0\u00bb.<\/p>\n<p>La mosqu\u00e9e fut \u00e9difi\u00e9e sous la Dynastie des Almoravides en 1120, mais fut profond\u00e9ment remani\u00e9e \u00e0 partir de 1162 sous le calife Almohade Abou Youssouf Yacoub Al-Mansour, et devint l\u2019un des \u00e9difices les plus caract\u00e9ristiques de ce style.<\/p>\n<p>Le minaret inspirera par la suite d\u2019autres \u00e9difices de cette p\u00e9riode. Ce sont les Almohades qui ont construit les deux autres mosqu\u00e9es s\u0153urs de la Koutoubia, similaires par leur minaret : le minaret (inachev\u00e9) de la mosqu\u00e9e Hassan de Rabat, connue sous l\u2019appellation \u00ab\u00a0Tour Hassan\u00a0\u00bb et la Giralda de S\u00e9ville, devenue partie int\u00e9grante de l\u2019actuelle cath\u00e9drale.<\/p>\n<p>D\u2019une superficie totale de 5.300 m2, le b\u00e2timent a \u00e9t\u00e9 restaur\u00e9 en 1990 dans l\u2019esprit du monument original, \u00e0 l\u2019initiative du minist\u00e8re de la Culture.<\/p>\n<p>En 2016, la mosqu\u00e9e a \u00e9t\u00e9 \u00e9quip\u00e9e de panneaux solaires, de chauffe-eaux solaires et de lampes LED \u00e9co-\u00e9nerg\u00e9tiques dans le cadre d\u2019un effort visant \u00e0 augmenter l\u2019utilisation d\u2019\u00e9nergies renouvelables dans ce monument historique t\u00e9moignant, ainsi, de l\u2019apoth\u00e9ose de l\u2019art des Almoravides et des Almohades.<\/p>\n<p>Pimpante la journ\u00e9e et lumineuse la nuit, la Koutoubia est un chef-d\u2019\u0153uvre architectural et patrimonial si singulier et exceptionnel qui s\u00e9duit tout visiteur, y compris le c\u00e9l\u00e8bre explorateur Tang\u00e9rois Ibn Battouta qui avait affirm\u00e9 que la mosqu\u00e9e de la Koutoubia \u00ab\u00a0n\u2019a pas de pareille dans le monde musulman\u00a0\u00bb.<\/p>\n<\/div>\n<p>Auteur: Meriem IGASS<br \/>\n<a href=\"http:\/\/www.mapmarrakech.ma\/fr\/la-koutoubia-un-lieu-de-la-consecration-des-valeurs-de-lislam-modere\/\">Cliquez ici pour lire l&rsquo;article depuis sa source.<\/a><\/p>\n","protected":false},"excerpt":{"rendered":"<p>Par : Omar Er-rouchMarrakech \u2013 Nich\u00e9 au c\u0153ur de la cit\u00e9 ocre avec un imposant minaret qui r\u00e8gne en t\u00e9moin sur la mythique place de Jama\u00e2 El Fna, la Mosqu\u00e9e de la Koutoubia embarque ses visiteurs dans un long p\u00e9riple \u00e0 travers les si\u00e8cles, le temps de d\u00e9couvrir l\u2019histoire d\u2019un \u00e9difice embl\u00e9matique qui avait largement [&hellip;]<\/p>\n","protected":false},"author":1788,"featured_media":0,"comment_status":"closed","ping_status":"closed","sticky":false,"template":"","format":"standard","meta":{"fifu_image_url":"","fifu_image_alt":"","footnotes":""},"categories":[54,76],"tags":[],"class_list":["post-115508","post","type-post","status-publish","format-standard","hentry","category-maroc","category-regions"],"_links":{"self":[{"href":"https:\/\/linitiative.ca\/International\/wp-json\/wp\/v2\/posts\/115508","targetHints":{"allow":["GET"]}}],"collection":[{"href":"https:\/\/linitiative.ca\/International\/wp-json\/wp\/v2\/posts"}],"about":[{"href":"https:\/\/linitiative.ca\/International\/wp-json\/wp\/v2\/types\/post"}],"author":[{"embeddable":true,"href":"https:\/\/linitiative.ca\/International\/wp-json\/wp\/v2\/users\/1788"}],"replies":[{"embeddable":true,"href":"https:\/\/linitiative.ca\/International\/wp-json\/wp\/v2\/comments?post=115508"}],"version-history":[{"count":0,"href":"https:\/\/linitiative.ca\/International\/wp-json\/wp\/v2\/posts\/115508\/revisions"}],"wp:attachment":[{"href":"https:\/\/linitiative.ca\/International\/wp-json\/wp\/v2\/media?parent=115508"}],"wp:term":[{"taxonomy":"category","embeddable":true,"href":"https:\/\/linitiative.ca\/International\/wp-json\/wp\/v2\/categories?post=115508"},{"taxonomy":"post_tag","embeddable":true,"href":"https:\/\/linitiative.ca\/International\/wp-json\/wp\/v2\/tags?post=115508"}],"curies":[{"name":"wp","href":"https:\/\/api.w.org\/{rel}","templated":true}]}}