{"id":115511,"date":"2021-04-24T12:49:02","date_gmt":"2021-04-24T16:49:02","guid":{"rendered":"https:\/\/linitiative.ca\/International\/covid-19-507-nouveaux-cas-plus-de-47-millions-de-personnes-vaccinees\/"},"modified":"2021-04-24T12:49:02","modified_gmt":"2021-04-24T16:49:02","slug":"covid-19-507-nouveaux-cas-plus-de-47-millions-de-personnes-vaccinees","status":"publish","type":"post","link":"https:\/\/linitiative.ca\/International\/covid-19-507-nouveaux-cas-plus-de-47-millions-de-personnes-vaccinees\/","title":{"rendered":"Covid-19 : 507 nouveaux cas, plus de 4,7 millions de personnes vaccin\u00e9es"},"content":{"rendered":"<p class=\"rtejustify\">Un total de 507 nouveaux cas d&rsquo;infection au coronavirus et de 457 gu\u00e9risons a \u00e9t\u00e9 enregistr\u00e9 au cours des derni\u00e8res 24 heures au Maroc, a annonc\u00e9 samedi le minist\u00e8re de la Sant\u00e9.<\/p>\n<p class=\"rtejustify\">Le nombre des personnes vaccin\u00e9es \u00e0 ce jour (dose 1) a atteint 4.723.635 alors que 4.217.485 autres ont re\u00e7u la deuxi\u00e8me dose du vaccin, pr\u00e9cise le minist\u00e8re dans son bulletin quotidien sur la situation de la Covid-19. Ce nouveau bilan porte \u00e0 509.037 le nombre total des contaminations depuis le premier cas signal\u00e9 en mars 2020, tandis que le nombre des personnes r\u00e9tablies est pass\u00e9 \u00e0 494.872, soit un taux de gu\u00e9rison de 97,2 %, pr\u00e9cise le minist\u00e8re.<\/p>\n<p class=\"rtejustify\">Quant au nombre total des d\u00e9c\u00e8s, il est pass\u00e9 \u00e0 8.988 avec 5 nouveaux cas recens\u00e9s en 24 heures, soit un taux de l\u00e9talit\u00e9 de 1,8%. Ces d\u00e9c\u00e8s ont \u00e9t\u00e9 enregistr\u00e9s dans les r\u00e9gions de Casablanca-Settat (2), Dakhla-Oued Eddahab (1), La\u00e2youne-Sakia El Hamra (1) et Souss-Massa (1). Les nouvelles contaminations ont \u00e9t\u00e9 enregistr\u00e9es dans les r\u00e9gions de Casablanca-Settat (328), Rabat-Sal\u00e9-K\u00e9nitra (37), Marrakech-Safi (35), Dakhla-Oued Eddahab (28), La\u00e2youne-Sakia El Hamra (20), Souss-Massa (17), Tanger-T\u00e9touan-Al Hoceima (16), Dr\u00e2a-Tafilalet (11), l&rsquo;Oriental (10), B\u00e9ni Mellal-Kh\u00e9nifra (3), Guelmim\u2013Oued Noun (1) et F\u00e8s-Mekn\u00e8s (1).<\/p>\n<p class=\"rtejustify\">Le nombre des cas actifs s&rsquo;\u00e9l\u00e8ve \u00e0 5.177, tandis que les cas s\u00e9v\u00e8res ou critiques sont au nombre de 385, dont 15 plac\u00e9s sous intubation.<\/p>\n<p>Auteur: mbasraoui<br \/>\n<a href=\"https:\/\/www.leconomiste.com\/flash-infos\/covid-19-507-nouveaux-cas-plus-de-4-7-millions-de-personnes-vaccinees\">Cliquez ici pour lire l&rsquo;article depuis sa source.<\/a><\/p>\n","protected":false},"excerpt":{"rendered":"<p>Un total de 507 nouveaux cas d&rsquo;infection au coronavirus et de 457 gu\u00e9risons a \u00e9t\u00e9 enregistr\u00e9 au cours des derni\u00e8res 24 heures au Maroc, a annonc\u00e9 samedi le minist\u00e8re de la Sant\u00e9. Le nombre des personnes vaccin\u00e9es \u00e0 ce jour (dose 1) a atteint 4.723.635 alors que 4.217.485 autres ont re\u00e7u la deuxi\u00e8me dose du [&hellip;]<\/p>\n","protected":false},"author":1763,"featured_media":0,"comment_status":"closed","ping_status":"closed","sticky":false,"template":"","format":"standard","meta":{"fifu_image_url":"","fifu_image_alt":"","footnotes":""},"categories":[78,54],"tags":[],"class_list":["post-115511","post","type-post","status-publish","format-standard","hentry","category-economie","category-maroc"],"_links":{"self":[{"href":"https:\/\/linitiative.ca\/International\/wp-json\/wp\/v2\/posts\/115511","targetHints":{"allow":["GET"]}}],"collection":[{"href":"https:\/\/linitiative.ca\/International\/wp-json\/wp\/v2\/posts"}],"about":[{"href":"https:\/\/linitiative.ca\/International\/wp-json\/wp\/v2\/types\/post"}],"author":[{"embeddable":true,"href":"https:\/\/linitiative.ca\/International\/wp-json\/wp\/v2\/users\/1763"}],"replies":[{"embeddable":true,"href":"https:\/\/linitiative.ca\/International\/wp-json\/wp\/v2\/comments?post=115511"}],"version-history":[{"count":0,"href":"https:\/\/linitiative.ca\/International\/wp-json\/wp\/v2\/posts\/115511\/revisions"}],"wp:attachment":[{"href":"https:\/\/linitiative.ca\/International\/wp-json\/wp\/v2\/media?parent=115511"}],"wp:term":[{"taxonomy":"category","embeddable":true,"href":"https:\/\/linitiative.ca\/International\/wp-json\/wp\/v2\/categories?post=115511"},{"taxonomy":"post_tag","embeddable":true,"href":"https:\/\/linitiative.ca\/International\/wp-json\/wp\/v2\/tags?post=115511"}],"curies":[{"name":"wp","href":"https:\/\/api.w.org\/{rel}","templated":true}]}}