{"id":115513,"date":"2021-04-24T15:14:07","date_gmt":"2021-04-24T19:14:07","guid":{"rendered":"https:\/\/linitiative.ca\/International\/pros-retour-reussi-de-belkebla\/"},"modified":"2021-04-24T15:14:07","modified_gmt":"2021-04-24T19:14:07","slug":"pros-retour-reussi-de-belkebla","status":"publish","type":"post","link":"https:\/\/linitiative.ca\/International\/pros-retour-reussi-de-belkebla\/","title":{"rendered":"Pros : Retour r\u00e9ussi de Belkebla"},"content":{"rendered":"<div readability=\"32\">\n<p>Auteur : <span>Moumen A.<\/span> <span class=\"time\">samedi 24 avril 2021 14:41<\/span><\/p>\n<\/div>\n<div id=\"post_core\" readability=\"37\">\n<p>L\u2019Alg\u00e9rien Haris Belkebla a effectu\u00e9 son retour ce samedi avec le Stade Brestois. Retenu par son entraineur pour match gagn\u00e9 en d\u00e9placement deux buts \u00e0 un face \u00e0\u00a0 l&rsquo;AS Saint-Etienne, le capitaine d\u2019\u00e9quipe Breton a \u00e9t\u00e9 align\u00e9 d\u2019entr\u00e9e au milieu de terrain avec le brassard sur le bras. Au four et au moulin,\u00a0 Belkebla a sorti une meilleure seconde mi-temps. En plus des nombreux ballons ratiss\u00e9s et ses interventions r\u00e9ussies Haris a pu stopper plusieurs actions offensives st\u00e9phanoises gr\u00e2ce surtout\u00a0 \u00e0 sa bonne lecture du jeu et sa facilit\u00e9 \u00e0 couper les trajectoires des ballons. Avec 9 points d\u2019avance sur le premier rel\u00e9guables Brest s\u2019\u00e9loigne ainsi de mani\u00e8re assez significative du spectre de la rel\u00e9gation\u00a0<\/p>\n<p><strong>Moumen A.<\/strong><\/p>\n<p><strong>Publi\u00e9 dans :<\/strong> <span>Belkebla<\/span><\/p>\n<\/div>\n<p>Auteur:<br \/>\n<a href=\"http:\/\/www.lebuteur.com\/article\/detail?titre=retour-reussi-de-belkebla&#038;id=99819&#038;utm_source=feedburner&#038;utm_medium=feed&#038;utm_campaign=Feed%3A+GalerieFArtciles+%28Les+derniers+articles++-+lebuteur.com%29\">Cliquez ici pour lire l&rsquo;article depuis sa source.<\/a><\/p>\n","protected":false},"excerpt":{"rendered":"<p>Auteur : Moumen A. samedi 24 avril 2021 14:41 L\u2019Alg\u00e9rien Haris Belkebla a effectu\u00e9 son retour ce samedi avec le Stade Brestois. Retenu par son entraineur pour match gagn\u00e9 en d\u00e9placement deux buts \u00e0 un face \u00e0\u00a0 l&rsquo;AS Saint-Etienne, le capitaine d\u2019\u00e9quipe Breton a \u00e9t\u00e9 align\u00e9 d\u2019entr\u00e9e au milieu de terrain avec le brassard sur [&hellip;]<\/p>\n","protected":false},"author":1738,"featured_media":0,"comment_status":"closed","ping_status":"closed","sticky":false,"template":"","format":"standard","meta":{"fifu_image_url":"\/\/cdn.lebuteur.com\/data\/images\/article\/thumbs\/large-retour-reussi-de-belkebla-b6492.jpg","fifu_image_alt":"Pros : Retour r\u00e9ussi de Belkebla","footnotes":""},"categories":[53,75],"tags":[],"class_list":["post-115513","post","type-post","status-publish","format-standard","hentry","category-algerie","category-sport"],"_links":{"self":[{"href":"https:\/\/linitiative.ca\/International\/wp-json\/wp\/v2\/posts\/115513","targetHints":{"allow":["GET"]}}],"collection":[{"href":"https:\/\/linitiative.ca\/International\/wp-json\/wp\/v2\/posts"}],"about":[{"href":"https:\/\/linitiative.ca\/International\/wp-json\/wp\/v2\/types\/post"}],"author":[{"embeddable":true,"href":"https:\/\/linitiative.ca\/International\/wp-json\/wp\/v2\/users\/1738"}],"replies":[{"embeddable":true,"href":"https:\/\/linitiative.ca\/International\/wp-json\/wp\/v2\/comments?post=115513"}],"version-history":[{"count":0,"href":"https:\/\/linitiative.ca\/International\/wp-json\/wp\/v2\/posts\/115513\/revisions"}],"wp:attachment":[{"href":"https:\/\/linitiative.ca\/International\/wp-json\/wp\/v2\/media?parent=115513"}],"wp:term":[{"taxonomy":"category","embeddable":true,"href":"https:\/\/linitiative.ca\/International\/wp-json\/wp\/v2\/categories?post=115513"},{"taxonomy":"post_tag","embeddable":true,"href":"https:\/\/linitiative.ca\/International\/wp-json\/wp\/v2\/tags?post=115513"}],"curies":[{"name":"wp","href":"https:\/\/api.w.org\/{rel}","templated":true}]}}