{"id":115514,"date":"2021-04-24T15:14:08","date_gmt":"2021-04-24T19:14:08","guid":{"rendered":"https:\/\/linitiative.ca\/International\/pros-bennacer-retour-confirme\/"},"modified":"2021-04-24T15:14:08","modified_gmt":"2021-04-24T19:14:08","slug":"pros-bennacer-retour-confirme","status":"publish","type":"post","link":"https:\/\/linitiative.ca\/International\/pros-bennacer-retour-confirme\/","title":{"rendered":"Pros : Bennacer retour confirm\u00e9"},"content":{"rendered":"<div readability=\"32\">\n<p>Auteur : <span>Moumen A.<\/span> <span class=\"time\">samedi 24 avril 2021 14:46<\/span><\/p>\n<\/div>\n<div id=\"post_core\" readability=\"36\">\n<p>Comme nous l&rsquo;indiquions il y a quelques jours, le Milan AC pourra r\u00e9cup\u00e9rer son joueur alg\u00e9rien Ismael Bennacer en vue du match pr\u00e9vu \u00a0lundi contre la Lazio de Rome. L\u2019entraineur Stephano Pioli esp\u00e8re aussi pouvoir aligner \u00a0Ibrahimovic et Theo Hernandez mais la seule certitude qu\u2019il d\u00e9tient est le retour de son milieu de terrain Bennacer. C&rsquo;est ce que nous avons appris ce samedi \u00e0 ce sujet. Bennacer qi manque beaucoup \u00e0 ses camarades sera d&rsquo;un apport consid\u00e9rable avant cette rencontre importante face \u00e0 la Lazio.\u00a0<\/p>\n<p><strong>Moumen A.<\/strong><\/p>\n<p><strong>Publi\u00e9 dans :<\/strong> <span>BENNACER<\/span><\/p>\n<\/div>\n<p>Auteur:<br \/>\n<a href=\"http:\/\/www.lebuteur.com\/article\/detail?titre=bennacer-retour-confirme&#038;id=99820&#038;utm_source=feedburner&#038;utm_medium=feed&#038;utm_campaign=Feed%3A+GalerieFArtciles+%28Les+derniers+articles++-+lebuteur.com%29\">Cliquez ici pour lire l&rsquo;article depuis sa source.<\/a><\/p>\n","protected":false},"excerpt":{"rendered":"<p>Auteur : Moumen A. samedi 24 avril 2021 14:46 Comme nous l&rsquo;indiquions il y a quelques jours, le Milan AC pourra r\u00e9cup\u00e9rer son joueur alg\u00e9rien Ismael Bennacer en vue du match pr\u00e9vu \u00a0lundi contre la Lazio de Rome. L\u2019entraineur Stephano Pioli esp\u00e8re aussi pouvoir aligner \u00a0Ibrahimovic et Theo Hernandez mais la seule certitude qu\u2019il d\u00e9tient [&hellip;]<\/p>\n","protected":false},"author":1738,"featured_media":0,"comment_status":"closed","ping_status":"closed","sticky":false,"template":"","format":"standard","meta":{"fifu_image_url":"\/\/cdn.lebuteur.com\/data\/images\/article\/thumbs\/large-bennacer-retour-confirme-f85e2.jpg","fifu_image_alt":"Pros : Bennacer retour confirm\u00e9","footnotes":""},"categories":[53,75],"tags":[],"class_list":["post-115514","post","type-post","status-publish","format-standard","hentry","category-algerie","category-sport"],"_links":{"self":[{"href":"https:\/\/linitiative.ca\/International\/wp-json\/wp\/v2\/posts\/115514","targetHints":{"allow":["GET"]}}],"collection":[{"href":"https:\/\/linitiative.ca\/International\/wp-json\/wp\/v2\/posts"}],"about":[{"href":"https:\/\/linitiative.ca\/International\/wp-json\/wp\/v2\/types\/post"}],"author":[{"embeddable":true,"href":"https:\/\/linitiative.ca\/International\/wp-json\/wp\/v2\/users\/1738"}],"replies":[{"embeddable":true,"href":"https:\/\/linitiative.ca\/International\/wp-json\/wp\/v2\/comments?post=115514"}],"version-history":[{"count":0,"href":"https:\/\/linitiative.ca\/International\/wp-json\/wp\/v2\/posts\/115514\/revisions"}],"wp:attachment":[{"href":"https:\/\/linitiative.ca\/International\/wp-json\/wp\/v2\/media?parent=115514"}],"wp:term":[{"taxonomy":"category","embeddable":true,"href":"https:\/\/linitiative.ca\/International\/wp-json\/wp\/v2\/categories?post=115514"},{"taxonomy":"post_tag","embeddable":true,"href":"https:\/\/linitiative.ca\/International\/wp-json\/wp\/v2\/tags?post=115514"}],"curies":[{"name":"wp","href":"https:\/\/api.w.org\/{rel}","templated":true}]}}