{"id":115515,"date":"2021-04-24T15:14:10","date_gmt":"2021-04-24T19:14:10","guid":{"rendered":"https:\/\/linitiative.ca\/International\/international-perez-efface-les-primes-ca-va-chauffer-a-madrid\/"},"modified":"2021-04-24T15:14:10","modified_gmt":"2021-04-24T19:14:10","slug":"international-perez-efface-les-primes-ca-va-chauffer-a-madrid","status":"publish","type":"post","link":"https:\/\/linitiative.ca\/International\/international-perez-efface-les-primes-ca-va-chauffer-a-madrid\/","title":{"rendered":"International : P\u00e9rez efface les primes, \u00e7a va chauffer \u00e0 Madrid"},"content":{"rendered":"<div readability=\"32\">\n<p>Auteur : <span class=\"time\">samedi 24 avril 2021 15:30<\/span><\/p>\n<\/div>\n<div id=\"post_core\" readability=\"54\">\n<p>Afin de limiter les \u00e9normes pertes caus\u00e9es par la crise sanitaire, avec notamment l\u2019absence de public dans les stades, le pr\u00e9sident de la Maison Blanche ne versera aucune prime de r\u00e9sultat \u00e0 ses joueurs en fin de saison. Et ce pour la deuxi\u00e8me ann\u00e9e cons\u00e9cutive.<\/p>\n<p>La nouvelle risque de ne pas plaire \u00e0 l\u2019effectif qui a d\u00e9j\u00e0 du mal \u00e0 accepter la nouvelle baisse de salaire propos\u00e9e par la direction. Pour rappel, les deux parties n\u00e9gocient une diminution des revenus par solidarit\u00e9 depuis de longues semaines. Mais pour le moment, aucun accord n\u2019a \u00e9t\u00e9 trouv\u00e9 sachant que le Real Madrid aimerait r\u00e9duire les salaires de 10 %. Autant dire que les Merengue, toujours en course pour le titre en Liga et demi-finalistes de la Ligue des Champions, l\u2019auront mauvaise s\u2019ils venaient \u00e0 r\u00e9aliser le doubl\u00e9 en fin de saison.<\/p>\n<p>On peut en partie comprendre leur position dans la mesure o\u00f9 de nombreuses sources r\u00e9v\u00e8lent les plans du club sur le march\u00e9 des transferts. Tout le monde sait que Florentino P\u00e9rez et son entra\u00eeneur Zin\u00e9dine Zidane font le maximum pour attirer l&rsquo;attaquant du Paris Saint-Germain\u00a0Kylian Mbapp\u00e9, qui pourraient d\u00e9barquer dans le cadre du plus gros transfert de l\u2019histoire du club, et en tant que joueur le mieux pay\u00e9 de l\u2019effectif. Nul doute que ce dossier fait partie des raisons pour lesquelles le capitaine Sergio Ramos refuse de c\u00e9der malgr\u00e9 le risque de partir en fin de contrat cet \u00e9t\u00e9.<\/p>\n<p><strong>Publi\u00e9 dans :<\/strong> <span>real madrid<\/span><\/p>\n<\/div>\n<p>Auteur:<br \/>\n<a href=\"http:\/\/www.lebuteur.com\/article\/detail?titre=perez-efface-les-primes-ca-va-chauffer-a-madrid&#038;id=99818&#038;utm_source=feedburner&#038;utm_medium=feed&#038;utm_campaign=Feed%3A+GalerieFArtciles+%28Les+derniers+articles++-+lebuteur.com%29\">Cliquez ici pour lire l&rsquo;article depuis sa source.<\/a><\/p>\n","protected":false},"excerpt":{"rendered":"<p>Auteur : samedi 24 avril 2021 15:30 Afin de limiter les \u00e9normes pertes caus\u00e9es par la crise sanitaire, avec notamment l\u2019absence de public dans les stades, le pr\u00e9sident de la Maison Blanche ne versera aucune prime de r\u00e9sultat \u00e0 ses joueurs en fin de saison. Et ce pour la deuxi\u00e8me ann\u00e9e cons\u00e9cutive. La nouvelle risque [&hellip;]<\/p>\n","protected":false},"author":1738,"featured_media":0,"comment_status":"closed","ping_status":"closed","sticky":false,"template":"","format":"standard","meta":{"fifu_image_url":"\/\/cdn.lebuteur.com\/data\/images\/article\/thumbs\/large-perez-efface-les-primes-ca-va-chauffer-a-madrid-40d57.jpg","fifu_image_alt":"International : P\u00e9rez efface les primes, \u00e7a va chauffer \u00e0 Madrid","footnotes":""},"categories":[53,75],"tags":[],"class_list":["post-115515","post","type-post","status-publish","format-standard","hentry","category-algerie","category-sport"],"_links":{"self":[{"href":"https:\/\/linitiative.ca\/International\/wp-json\/wp\/v2\/posts\/115515","targetHints":{"allow":["GET"]}}],"collection":[{"href":"https:\/\/linitiative.ca\/International\/wp-json\/wp\/v2\/posts"}],"about":[{"href":"https:\/\/linitiative.ca\/International\/wp-json\/wp\/v2\/types\/post"}],"author":[{"embeddable":true,"href":"https:\/\/linitiative.ca\/International\/wp-json\/wp\/v2\/users\/1738"}],"replies":[{"embeddable":true,"href":"https:\/\/linitiative.ca\/International\/wp-json\/wp\/v2\/comments?post=115515"}],"version-history":[{"count":0,"href":"https:\/\/linitiative.ca\/International\/wp-json\/wp\/v2\/posts\/115515\/revisions"}],"wp:attachment":[{"href":"https:\/\/linitiative.ca\/International\/wp-json\/wp\/v2\/media?parent=115515"}],"wp:term":[{"taxonomy":"category","embeddable":true,"href":"https:\/\/linitiative.ca\/International\/wp-json\/wp\/v2\/categories?post=115515"},{"taxonomy":"post_tag","embeddable":true,"href":"https:\/\/linitiative.ca\/International\/wp-json\/wp\/v2\/tags?post=115515"}],"curies":[{"name":"wp","href":"https:\/\/api.w.org\/{rel}","templated":true}]}}