{"id":115516,"date":"2021-04-24T15:14:11","date_gmt":"2021-04-24T19:14:11","guid":{"rendered":"https:\/\/linitiative.ca\/International\/pros-lyon-benlamri-fait-son-retour-dans-le-groupe-avant-le-choc-face-a-lille\/"},"modified":"2021-04-24T15:14:11","modified_gmt":"2021-04-24T19:14:11","slug":"pros-lyon-benlamri-fait-son-retour-dans-le-groupe-avant-le-choc-face-a-lille","status":"publish","type":"post","link":"https:\/\/linitiative.ca\/International\/pros-lyon-benlamri-fait-son-retour-dans-le-groupe-avant-le-choc-face-a-lille\/","title":{"rendered":"Pros : Lyon : Benlamri fait son retour dans le groupe avant le choc face \u00e0 Lille"},"content":{"rendered":"<div readability=\"32\">\n<p>Auteur : <span class=\"time\">samedi 24 avril 2021 19:59<\/span><\/p>\n<\/div>\n<div id=\"post_core\" readability=\"59\">\n<p>Tr\u00e8s peu d&rsquo;absents dans les rangs de l&rsquo;Olympique Lyonnais pour le choc face \u00e0 Lille dimanche soir. Seul Sinaly Diomand\u00e9, suspendu apr\u00e8s son carton rouge re\u00e7u en Coupe de France, ne figure pas dans le groupe lyonnais comme l&rsquo;indique France Football. Tino Kadewere et Djamel Benlamri sont de retour. Jason Denayer, absent contre Monaco mercredi (0-2), est \u00e9galement bien l\u00e0.<\/p>\n<p><strong>Le groupe de l&rsquo;OL :<\/strong><\/p>\n<p>Lopes, Pollersbeck &#8211; Bard, Cornet, Benlamri, Denayer, Marcelo, Ozkacar, De Sciglio, Dubois, Gusto &#8211; Aouar, Guimaraes, Caqueret, Paquet, Mendes &#8211; Cherki, Kadewere, Depay, Slimani, Toko Ekambi<\/p>\n<p><strong>Publi\u00e9 dans :<\/strong> <span>Benlamri<\/span><\/p>\n<\/div>\n<p>Auteur:<br \/>\n<a href=\"http:\/\/www.lebuteur.com\/article\/detail?titre=lyon-benlamri-fait-son-retour-dans-le-groupe-avant-le-choc-face-a-lille&#038;id=99821&#038;utm_source=feedburner&#038;utm_medium=feed&#038;utm_campaign=Feed%3A+GalerieFArtciles+%28Les+derniers+articles++-+lebuteur.com%29\">Cliquez ici pour lire l&rsquo;article depuis sa source.<\/a><\/p>\n","protected":false},"excerpt":{"rendered":"<p>Auteur : samedi 24 avril 2021 19:59 Tr\u00e8s peu d&rsquo;absents dans les rangs de l&rsquo;Olympique Lyonnais pour le choc face \u00e0 Lille dimanche soir. Seul Sinaly Diomand\u00e9, suspendu apr\u00e8s son carton rouge re\u00e7u en Coupe de France, ne figure pas dans le groupe lyonnais comme l&rsquo;indique France Football. Tino Kadewere et Djamel Benlamri sont de [&hellip;]<\/p>\n","protected":false},"author":1738,"featured_media":0,"comment_status":"closed","ping_status":"closed","sticky":false,"template":"","format":"standard","meta":{"fifu_image_url":"\/\/cdn.lebuteur.com\/data\/images\/article\/thumbs\/large-lyon-benlamri-fait-son-retour-dans-le-groupe-avant-le-choc-face-a-lille-5c19c.jpg","fifu_image_alt":"Pros : Lyon : Benlamri fait son retour dans le groupe avant le choc face \u00e0 Lille","footnotes":""},"categories":[53,75],"tags":[],"class_list":["post-115516","post","type-post","status-publish","format-standard","hentry","category-algerie","category-sport"],"_links":{"self":[{"href":"https:\/\/linitiative.ca\/International\/wp-json\/wp\/v2\/posts\/115516","targetHints":{"allow":["GET"]}}],"collection":[{"href":"https:\/\/linitiative.ca\/International\/wp-json\/wp\/v2\/posts"}],"about":[{"href":"https:\/\/linitiative.ca\/International\/wp-json\/wp\/v2\/types\/post"}],"author":[{"embeddable":true,"href":"https:\/\/linitiative.ca\/International\/wp-json\/wp\/v2\/users\/1738"}],"replies":[{"embeddable":true,"href":"https:\/\/linitiative.ca\/International\/wp-json\/wp\/v2\/comments?post=115516"}],"version-history":[{"count":0,"href":"https:\/\/linitiative.ca\/International\/wp-json\/wp\/v2\/posts\/115516\/revisions"}],"wp:attachment":[{"href":"https:\/\/linitiative.ca\/International\/wp-json\/wp\/v2\/media?parent=115516"}],"wp:term":[{"taxonomy":"category","embeddable":true,"href":"https:\/\/linitiative.ca\/International\/wp-json\/wp\/v2\/categories?post=115516"},{"taxonomy":"post_tag","embeddable":true,"href":"https:\/\/linitiative.ca\/International\/wp-json\/wp\/v2\/tags?post=115516"}],"curies":[{"name":"wp","href":"https:\/\/api.w.org\/{rel}","templated":true}]}}