{"id":115517,"date":"2021-04-24T04:00:00","date_gmt":"2021-04-24T08:00:00","guid":{"rendered":"https:\/\/linitiative.ca\/International\/tunisie-a-quand-un-nouvel-equilibre-apres-les-troubles-de-la-revolution\/"},"modified":"2021-04-24T04:00:00","modified_gmt":"2021-04-24T08:00:00","slug":"tunisie-a-quand-un-nouvel-equilibre-apres-les-troubles-de-la-revolution","status":"publish","type":"post","link":"https:\/\/linitiative.ca\/International\/tunisie-a-quand-un-nouvel-equilibre-apres-les-troubles-de-la-revolution\/","title":{"rendered":"Tunisie: A quand un nouvel \u00e9quilibre apr\u00e8s les troubles de la r\u00e9volution ?"},"content":{"rendered":"<p><span class=\"c2\"><strong><img decoding=\"async\" src=\"\/uploads\/FCK_files\/Riadh-Zghal-min.jpg\" width=\"20%\" vspace=\"5\" hspace=\"5\" align=\"left\" alt=\"\"\/>Par Riadh Zghal &#8211;<\/strong><\/span> <strong>On remarque que nombreux parmi nous h\u00e9sitent \u00e0 qualifier les \u00e9v\u00e9nements de d\u00e9cembre 2010-janvier 2011 de r\u00e9volution car le terme est polys\u00e9mique. R\u00e9volte ou r\u00e9volution ? Rejet d\u2019un syst\u00e8me dans sa totalit\u00e9 ou bien son maintien sous une nouvelle forme et avec de nouveaux acteurs ?<\/strong><\/p>\n<p>Si on en croit Theda Skocpol, \u00ab Les r\u00e9volutions entra\u00eenent le renversement simultan\u00e9 d\u2019un ordre politique et un ordre social qui se renforcent mutuellement. \u00bb Tant que ce renversement n\u2019est pas achev\u00e9 peut-\u00eatre qu\u2019il est plus r\u00e9aliste de parler de r\u00e9volte que de r\u00e9volution. Mais peut-\u00eatre aussi est-il plus objectif de parler d\u2019un processus r\u00e9volutionnaire pour d\u00e9signer le mouvement politique et social qui a \u00e9branl\u00e9 l\u2019\u00e9quilibre qui pr\u00e9valait avant le 17 d\u00e9cembre 2010 et qui continue \u00e0 affecter les divers domaines de la vie dans le pays.<\/p>\n<p>Dans un livre intitul\u00e9 The Anatomy of Revolution, publi\u00e9 pour la premi\u00e8re fois en 1938, Cane Brinton analyse le cheminement de quatre r\u00e9volutions : anglaise, am\u00e9ricaine, fran\u00e7aise et russe. Dans la pr\u00e9face de l\u2019\u00e9dition de 1952, il revient sur son jugement port\u00e9 sur la r\u00e9volution russe comme \u00e9tant \u00abune r\u00e9volution permanente\u00bb et consid\u00e8re plut\u00f4t qu\u2019en cette ann\u00e9e 1952, elle est achev\u00e9e. Selon l\u2019auteur, il a fallu une trentaine d\u2019ann\u00e9es aux r\u00e9volutions anglaise, am\u00e9ricaine et fran\u00e7aise pour que se mette en place un \u00e9quilibre social et politique apr\u00e8s les soubresauts du processus r\u00e9volutionnaire. Selon lui, au plan \u00e9motionnel, la s\u00e9quence r\u00e9volutionnaire est constitu\u00e9e de quatre \u00e9tapes : l\u2019enthousiasme et l\u2019euphorie au d\u00e9but, puis l\u2019anxi\u00e9t\u00e9, puis la terreur \u00abthermidorienne\u00bb et, enfin, la convalescence. N\u00e9anmoins, la r\u00e9volution russe de 1917 a connu des retours r\u00e9currents de la terreur, d\u2019o\u00f9 la croyance dans une \u00abr\u00e9volution permanente\u00bb.<\/p>\n<p>S\u2019agissant de cette r\u00e9volution, une autre id\u00e9e dans cet ouvrage m\u00e9rite d\u2019\u00eatre relev\u00e9e, c\u2019est le d\u00e9calage entre les id\u00e9es qui ont guid\u00e9 les leaders de la r\u00e9volution et la r\u00e9alit\u00e9 de la soci\u00e9t\u00e9 russe qui, contrairement \u00e0 celle de l\u2019Europe occidentale, ne comportait pas une classe moyenne form\u00e9e \u00e0 la politique et aux droits civiques. De plus, l\u2019auteur invite le lecteur \u00e0 porter son attention \u00e0 un essai publi\u00e9 par T. H. von Laue, de l\u2019universit\u00e9 de Californie, qui met l\u2019accent sur le fait que ce qui a guid\u00e9 la r\u00e9volution russe, ce sont des id\u00e9es qui viennent d\u2019ailleurs. Cet ailleurs, c\u2019est l\u2019Occident plus avanc\u00e9 socialement, \u00e9conomiquement et politiquement. Et Brinton ajoute que la r\u00e9volution russe a fait une promesse non tenue d\u2019\u00e9galit\u00e9 entre tous, ce qui n\u2019\u00e9tait pas le cas d\u2019autres r\u00e9volutions et particuli\u00e8rement celle am\u00e9ricaine.<\/p>\n<p>Revenir \u00e0 ce cadre conceptuel \u00e9labor\u00e9 par Brinton pour \u00ab diss\u00e9quer \u00bb des r\u00e9volutions intervenues des si\u00e8cles auparavant peut-il aider \u00e0 saisir o\u00f9 va conduire le processus r\u00e9volutionnaire tunisien de 2011 ? Et le processus d\u00e9mocratique qui l\u2019a accompagn\u00e9 voil\u00e0 dix ans va-t-il aboutir \u00e0 un nouvel \u00e9quilibre social ou, au contraire, est-il menac\u00e9 de rupture et va-t-on vers le retour \u00e0 un pouvoir centralis\u00e9 \u00e0 l\u2019image de la restauration fran\u00e7aise et du r\u00e9gime sovi\u00e9tique ?<\/p>\n<p>Certes la Tunisie est pass\u00e9e par le premier stade d\u2019enthousiasme d\u2019apr\u00e8s le soul\u00e8vement de 2011, elle a \u00e9chapp\u00e9 \u00e0 la phase de la terreur avec ses pelotons d\u2019ex\u00e9cution et ses guerres. En revanche, le peuple tunisien s\u2019est install\u00e9 depuis dans une anxi\u00e9t\u00e9 croissante. Comme c\u2019\u00e9tait le cas des r\u00e9volutions \u00e9tudi\u00e9es par Brinton, la r\u00e9volte tunisienne a \u00e9t\u00e9 suivie par une d\u00e9t\u00e9rioration de la situation \u00e9conomique compar\u00e9e \u00e0 celle de la p\u00e9riode pr\u00e9c\u00e9dente. Le point commun de la r\u00e9volte tunisienne de 2011 avec celle russe de 2017 r\u00e9side dans l\u2019absence d\u2019une classe moyenne rod\u00e9e \u00e0 la politique et form\u00e9e \u00e0 l\u2019esprit civique. Cette lacune qui a permis d\u2019\u00e9lever aux instances de gouvernement de l\u2019Etat de personnes sans exp\u00e9rience, pire sans sens de l\u2019Etat qui sacrifient l\u2019int\u00e9r\u00eat g\u00e9n\u00e9ral sur l\u2019autel de leur guerre de positions. Les violences observ\u00e9es ces derniers temps au parlement, \u00e0 l\u2019avenue Kh\u00e9reddine puis \u00e0 l\u2019a\u00e9roport Tunis-Carthage, dont les acteurs ne sont autres que des d\u00e9put\u00e9s, refl\u00e8tent le peu de cas qu\u2019ils font de la crise grave que vit le pays, plongeant des pans entiers de la soci\u00e9t\u00e9 dans la pauvret\u00e9 end\u00e9mique.\u00a0\u00a0\u00a0<\/p>\n<p>Maintenant, le pays se dirige-t-il vers la convalescence d\u00e9crypt\u00e9e par Brinton ou, au contraire, c\u2019est une phase plus \u00e9prouvante qui l\u2019attend. Force est de reconna\u00eetre que, d\u00e8s le d\u00e9but, le processus d\u00e9mocratique est mal parti et n\u2019a pu aboutir \u00e0 des changements profonds de l\u2019ensemble du syst\u00e8me politique, \u00e9conomique et social. Le syst\u00e8me de gouvernement hybride institu\u00e9 par la nouvelle constitution n\u2019a pas tard\u00e9 \u00e0 montrer ses limites et ses effets de blocage de toute r\u00e9forme strat\u00e9gique du syst\u00e8me d\u2019administration des affaires publiques en place. Le syst\u00e8me \u00e9lectoral adopt\u00e9 n\u2019oppose aucun garde-fou emp\u00eachant l\u2019acc\u00e8s aux instances du pouvoir de personnes qui ont fait l\u2019objet de poursuites judiciaires, ou qui ne disposent pas de toutes leurs facult\u00e9s mentales, ou bien qui manquent de connaissances suffisantes leur permettant d\u2019exercer une fonction responsable au niveau du pouvoir l\u00e9gislatif ou ex\u00e9cutif.<\/p>\n<p>Il n\u2019est pas question ici de proph\u00e9tiser, mais il semble que le nombre de variables nationales ainsi que g\u00e9opolitiques qui marquent notre situation en ce d\u00e9but de 21e si\u00e8cle sont multiples et g\u00e9n\u00e8rent des forces motrices qui se renforcent ou se neutralisent selon les cas. Tout ce qu\u2019il y a lieu d\u2019esp\u00e9rer, c\u2019est qu\u2019elles ne conduisent pas le pays vers un retour en arri\u00e8re et l\u2019engagement dans la terrible troisi\u00e8me phase qu\u2019ont connue les r\u00e9volutions des si\u00e8cles pr\u00e9c\u00e9dents comme semblent l\u2019insinuer le pr\u00e9sident islamiste du parlement et certains leaders de son parti.<\/p>\n<p class=\"c3\"><strong>Riadh Zghal<\/strong><\/p>\n<p>Auteur:<br \/>\n<a href=\"https:\/\/www.leaders.com.tn\/article\/31772-tunisie-a-quand-un-nouvel-equilibre-apres-les-troubles-de-la-revolution\">Cliquez ici pour lire l&rsquo;article depuis sa source.<\/a><\/p>\n","protected":false},"excerpt":{"rendered":"<p>Par Riadh Zghal &#8211; On remarque que nombreux parmi nous h\u00e9sitent \u00e0 qualifier les \u00e9v\u00e9nements de d\u00e9cembre 2010-janvier 2011 de r\u00e9volution car le terme est polys\u00e9mique. R\u00e9volte ou r\u00e9volution ? Rejet d\u2019un syst\u00e8me dans sa totalit\u00e9 ou bien son maintien sous une nouvelle forme et avec de nouveaux acteurs ? Si on en croit Theda [&hellip;]<\/p>\n","protected":false},"author":1772,"featured_media":0,"comment_status":"closed","ping_status":"closed","sticky":false,"template":"","format":"standard","meta":{"fifu_image_url":"\/uploads\/FCK_files\/Riadh-Zghal-min.jpg","fifu_image_alt":"Tunisie: A quand un nouvel \u00e9quilibre apr\u00e8s les troubles de la r\u00e9volution ?","footnotes":""},"categories":[73,55],"tags":[],"class_list":["post-115517","post","type-post","status-publish","format-standard","hentry","category-actualite","category-tunisie"],"_links":{"self":[{"href":"https:\/\/linitiative.ca\/International\/wp-json\/wp\/v2\/posts\/115517","targetHints":{"allow":["GET"]}}],"collection":[{"href":"https:\/\/linitiative.ca\/International\/wp-json\/wp\/v2\/posts"}],"about":[{"href":"https:\/\/linitiative.ca\/International\/wp-json\/wp\/v2\/types\/post"}],"author":[{"embeddable":true,"href":"https:\/\/linitiative.ca\/International\/wp-json\/wp\/v2\/users\/1772"}],"replies":[{"embeddable":true,"href":"https:\/\/linitiative.ca\/International\/wp-json\/wp\/v2\/comments?post=115517"}],"version-history":[{"count":0,"href":"https:\/\/linitiative.ca\/International\/wp-json\/wp\/v2\/posts\/115517\/revisions"}],"wp:attachment":[{"href":"https:\/\/linitiative.ca\/International\/wp-json\/wp\/v2\/media?parent=115517"}],"wp:term":[{"taxonomy":"category","embeddable":true,"href":"https:\/\/linitiative.ca\/International\/wp-json\/wp\/v2\/categories?post=115517"},{"taxonomy":"post_tag","embeddable":true,"href":"https:\/\/linitiative.ca\/International\/wp-json\/wp\/v2\/tags?post=115517"}],"curies":[{"name":"wp","href":"https:\/\/api.w.org\/{rel}","templated":true}]}}