{"id":115518,"date":"2021-04-24T09:33:00","date_gmt":"2021-04-24T13:33:00","guid":{"rendered":"https:\/\/linitiative.ca\/International\/le-terrorisme-frappe-a-nouveau-en-france-mais-a-qui-profite-t-il\/"},"modified":"2021-04-24T09:33:00","modified_gmt":"2021-04-24T13:33:00","slug":"le-terrorisme-frappe-a-nouveau-en-france-mais-a-qui-profite-t-il","status":"publish","type":"post","link":"https:\/\/linitiative.ca\/International\/le-terrorisme-frappe-a-nouveau-en-france-mais-a-qui-profite-t-il\/","title":{"rendered":"Le terrorisme frappe \u00e0 nouveau en France mais \u00e0 qui profite-t-il?"},"content":{"rendered":"<p><span class=\"c3\"><strong><span class=\"c2\"><em><img decoding=\"async\" src=\"\/uploads\/FCK_files\/Gleya-Ma\u00e2tallah.jpg\" width=\"12%\" vspace=\"5\" hspace=\"5\" align=\"left\" alt=\"\"\/>Par Gleya Ma\u00e2tallah &#8211;<\/em><\/span><\/strong><\/span> L\u2019information passe en boucles dans les manchettes et dans les journaux t\u00e9l\u00e9vis\u00e9s de France et d\u2019ailleurs : l\u2019attaque terroriste d\u2019une polici\u00e8re \u00e0 Rambouillet, en r\u00e9gion parisienne, alors qu\u2019elle regagnait son poste apr\u00e8s la pause d\u00e9jeuner. L\u2019assaillant aurait fait des rep\u00e9rages autour du commissariat avant de passer \u00e0 l\u2019acte : plusieurs coups de couteau auxquels la victime a succomb\u00e9, malgr\u00e9 les efforts de ses coll\u00e8gues de lui sauver la vie.<\/p>\n<p><span class=\"c4\"><strong>1. Les Fran\u00e7ais sous le choc, les Tunisiens ont honte!<\/strong><\/span><\/p>\n<p>St\u00e9phanie M. (49 ans) \u00e9tait selon les t\u00e9moignages de ses coll\u00e8gues et de ses voisins, une femme exemplaire, \u00abgentille,\u00a0 aimable\u00bb, selon un voisin qui l\u2019\u00e9voque en larmes. M\u00e8re de deux enfants (13 et 18 ans), elle ne pouvait pas\u00a0 imaginer qu\u2019en revenant \u00e0 son poste, elle allait \u00eatre sauvagement attaqu\u00e9e au couteau par un inconnu, dans l\u2019enceinte m\u00eame de son lieu de travail.<\/p>\n<p>Cet acte rappelle aux Fran\u00e7ais d\u2019autres, qui avaient co\u00fbt\u00e9 la vie \u00e0 un enseignant, une femme \u00e2g\u00e9e, des personnes en f\u00eate etc. Les r\u00e9actions imm\u00e9diates, les t\u00e9moignages montrent\u00a0 que ces derniers sont \u00e0 nouveau scandalis\u00e9s de voir autant de vies humaines finir dans des actes de barbarie, dans leur famille, leur voisinage, l\u2019\u00e9cole de leurs enfants, etc.<\/p>\n<p>En Tunisie, l\u2019information tombe tr\u00e8s mal, dans un contexte de morosit\u00e9. Les gens en ont assez de voir que les actes terroristes sont de plus en plus le fait de leurs concitoyens. Ces derniers partis dans la clandestinit\u00e9, ont souvent profit\u00e9 de leurs droits humains sur le sol fran\u00e7ais. L\u2019assaillant de Rambouillet (36 ans) est l\u2019un de ces migrants dont le statut a \u00e9t\u00e9 r\u00e9gularis\u00e9 (2019).\u00a0 Chauffeur livreur, il vit en r\u00e9gion parisienne et il\u00a0 n\u2019a pas d\u2019ant\u00e9c\u00e9dent judiciaire. Alors, pourquoi a-t-il tu\u00e9 cette citoyenne fran\u00e7aise pour \u00eatre \u00e0 son tour abattu par les\u00a0 policiers ? Quel int\u00e9r\u00eat avait-il \u00e0 \u00f4ter la vie \u00e0 une personne innocente?<\/p>\n<p>La toile est inond\u00e9e de messages de col\u00e8re,\u00a0 de solidarit\u00e9 avec la famille de la victime, ses coll\u00e8gues et ses voisins. Mais aussi de honte : \u00ab Je suis concern\u00e9e \u00bb, \u00ab Nous sommes tous responsables \u00bb, \u00ab\u00a0 j\u2019ai honte \u00bb, etc.<\/p>\n<p><span class=\"c4\"><strong>2. A qui profite le crime?<\/strong><\/span><\/p>\n<p>\u00a0 En ass\u00e9nant ses coups mortels \u00e0 la polici\u00e8re, le terroriste aurait cri\u00e9, comme ses pr\u00e9c\u00e9dents : \u00ab Allahou akbar\u00bb, pour laisser un message que le monde a de plus en plus mal \u00e0 admettre. Il agit au nom de l\u2019Islam, au nom de Dieu, alors qu\u2019il n\u2019\u00e9tait m\u00eame pas pratiquant, selon ses voisins.<\/p>\n<p>Allah n\u2019a s\u00fbrement pas permis d\u2019\u00e9gorger les gens chez eux, de ne pas \u00eatre dans la reconnaissance, dans la loyaut\u00e9. Et aussi, dans le mois saint de l\u2019ann\u00e9e et le jour saint de la semaine.\u00a0 Quant \u00e0 son pays d\u2019origine,\u00a0 jadis connu par ses valeurs\u00a0 (tol\u00e9rance, vivre ensemble, ouverture, hospitalit\u00e9 etc.), il a depuis quelques ann\u00e9es, la mis\u00e9rable r\u00e9putation d\u2019un r\u00e9servoir de terroristes, frappant en France et ailleurs.\u00a0\u00a0<\/p>\n<p><span class=\"c4\"><strong>3. Quelle strat\u00e9gie pour pr\u00e9venir les attaques?<\/strong><\/span><\/p>\n<p>Apr\u00e8s chaque attaque, les autorit\u00e9s des deux pays r\u00e9agissent \u00e0 chaud pour d\u00e9noncer, menacer et promettre d\u2019adopter ensemble des mesures s\u00e9curitaires pour pr\u00e9venir les attaques terroristes : des r\u00e9unions, des communiqu\u00e9s etc. en vain. Chaque nouvel acte rappelle aux citoyens des deux pays l\u2019inefficacit\u00e9 des moyens (ou leur insuffisance face \u00e0 l\u2019hydre, malgr\u00e9 ses moyens rudimentaires<br \/>Cette inefficacit\u00e9 ne fait que nourrir\u00a0 la Droite en France. Elle\u00a0 nuit de plus en plus \u00e0 l\u2019image de la Tunisie et des Tunisiens.\u00a0<\/p>\n<p class=\"c5\"><strong>Gleya Ma\u00e2tallah<\/strong><br \/><span class=\"c2\"><em>Enseignante universitaire\u00a0\u00a0 \u00a0<\/em><\/span><\/p>\n<p>Auteur:<br \/>\n<a href=\"https:\/\/www.leaders.com.tn\/article\/31773-le-terrorisme-frappe-a-nouveau-en-france-mais-a-qui-profite-t-il\">Cliquez ici pour lire l&rsquo;article depuis sa source.<\/a><\/p>\n","protected":false},"excerpt":{"rendered":"<p>Par Gleya Ma\u00e2tallah &#8211; L\u2019information passe en boucles dans les manchettes et dans les journaux t\u00e9l\u00e9vis\u00e9s de France et d\u2019ailleurs : l\u2019attaque terroriste d\u2019une polici\u00e8re \u00e0 Rambouillet, en r\u00e9gion parisienne, alors qu\u2019elle regagnait son poste apr\u00e8s la pause d\u00e9jeuner. L\u2019assaillant aurait fait des rep\u00e9rages autour du commissariat avant de passer \u00e0 l\u2019acte : plusieurs coups [&hellip;]<\/p>\n","protected":false},"author":1772,"featured_media":0,"comment_status":"closed","ping_status":"closed","sticky":false,"template":"","format":"standard","meta":{"fifu_image_url":"\/uploads\/FCK_files\/Gleya-Ma\u00e2tallah.jpg","fifu_image_alt":"Le terrorisme frappe \u00e0 nouveau en France mais \u00e0 qui profite-t-il?","footnotes":""},"categories":[73,55],"tags":[],"class_list":["post-115518","post","type-post","status-publish","format-standard","hentry","category-actualite","category-tunisie"],"_links":{"self":[{"href":"https:\/\/linitiative.ca\/International\/wp-json\/wp\/v2\/posts\/115518","targetHints":{"allow":["GET"]}}],"collection":[{"href":"https:\/\/linitiative.ca\/International\/wp-json\/wp\/v2\/posts"}],"about":[{"href":"https:\/\/linitiative.ca\/International\/wp-json\/wp\/v2\/types\/post"}],"author":[{"embeddable":true,"href":"https:\/\/linitiative.ca\/International\/wp-json\/wp\/v2\/users\/1772"}],"replies":[{"embeddable":true,"href":"https:\/\/linitiative.ca\/International\/wp-json\/wp\/v2\/comments?post=115518"}],"version-history":[{"count":0,"href":"https:\/\/linitiative.ca\/International\/wp-json\/wp\/v2\/posts\/115518\/revisions"}],"wp:attachment":[{"href":"https:\/\/linitiative.ca\/International\/wp-json\/wp\/v2\/media?parent=115518"}],"wp:term":[{"taxonomy":"category","embeddable":true,"href":"https:\/\/linitiative.ca\/International\/wp-json\/wp\/v2\/categories?post=115518"},{"taxonomy":"post_tag","embeddable":true,"href":"https:\/\/linitiative.ca\/International\/wp-json\/wp\/v2\/tags?post=115518"}],"curies":[{"name":"wp","href":"https:\/\/api.w.org\/{rel}","templated":true}]}}