{"id":115522,"date":"2021-04-24T06:00:00","date_gmt":"2021-04-24T10:00:00","guid":{"rendered":"https:\/\/linitiative.ca\/International\/kafkaien\/"},"modified":"2021-04-24T06:00:00","modified_gmt":"2021-04-24T10:00:00","slug":"kafkaien","status":"publish","type":"post","link":"https:\/\/linitiative.ca\/International\/kafkaien\/","title":{"rendered":"Kafka\u00efen"},"content":{"rendered":"<p class=\"c3\">Officiellement, certaines cat\u00e9gories professionnelles, \u00e0 l\u2019instar des journalistes, b\u00e9n\u00e9ficient d\u2019une remise de 30% sur leur abonnement internet domestique. Une mesure prise il y a quelques ann\u00e9es par Alg\u00e9rie T\u00e9l\u00e9coms en faveur de la corporation.<br \/>Le hic est que cette remise a \u00e9t\u00e9 index\u00e9e sur les tarifs de l\u2019\u00e9poque. Sachant que AT a revu ses tarifs \u00e0 la baisse \u00e0 plusieurs reprises ces derniers temps, les \u00abb\u00e9n\u00e9ficiaires\u00bb de cette remise se retrouvent, de fait, oblig\u00e9s de payer beaucoup plus cher en faisant valoir leurs \u00abprivil\u00e8ges\u00bb.\u00a0<\/p>\n<p>Auteur:<br \/>\n<a href=\"https:\/\/www.lesoirdalgerie.com\/periscoop\/kafkaien-60080\">Cliquez ici pour lire l&rsquo;article depuis sa source.<\/a><\/p>\n","protected":false},"excerpt":{"rendered":"<p>Officiellement, certaines cat\u00e9gories professionnelles, \u00e0 l\u2019instar des journalistes, b\u00e9n\u00e9ficient d\u2019une remise de 30% sur leur abonnement internet domestique. Une mesure prise il y a quelques ann\u00e9es par Alg\u00e9rie T\u00e9l\u00e9coms en faveur de la corporation.Le hic est que cette remise a \u00e9t\u00e9 index\u00e9e sur les tarifs de l\u2019\u00e9poque. Sachant que AT a revu ses tarifs \u00e0 [&hellip;]<\/p>\n","protected":false},"author":1741,"featured_media":0,"comment_status":"closed","ping_status":"closed","sticky":false,"template":"","format":"standard","meta":{"fifu_image_url":"","fifu_image_alt":"","footnotes":""},"categories":[73,53],"tags":[],"class_list":["post-115522","post","type-post","status-publish","format-standard","hentry","category-actualite","category-algerie"],"_links":{"self":[{"href":"https:\/\/linitiative.ca\/International\/wp-json\/wp\/v2\/posts\/115522","targetHints":{"allow":["GET"]}}],"collection":[{"href":"https:\/\/linitiative.ca\/International\/wp-json\/wp\/v2\/posts"}],"about":[{"href":"https:\/\/linitiative.ca\/International\/wp-json\/wp\/v2\/types\/post"}],"author":[{"embeddable":true,"href":"https:\/\/linitiative.ca\/International\/wp-json\/wp\/v2\/users\/1741"}],"replies":[{"embeddable":true,"href":"https:\/\/linitiative.ca\/International\/wp-json\/wp\/v2\/comments?post=115522"}],"version-history":[{"count":0,"href":"https:\/\/linitiative.ca\/International\/wp-json\/wp\/v2\/posts\/115522\/revisions"}],"wp:attachment":[{"href":"https:\/\/linitiative.ca\/International\/wp-json\/wp\/v2\/media?parent=115522"}],"wp:term":[{"taxonomy":"category","embeddable":true,"href":"https:\/\/linitiative.ca\/International\/wp-json\/wp\/v2\/categories?post=115522"},{"taxonomy":"post_tag","embeddable":true,"href":"https:\/\/linitiative.ca\/International\/wp-json\/wp\/v2\/tags?post=115522"}],"curies":[{"name":"wp","href":"https:\/\/api.w.org\/{rel}","templated":true}]}}