{"id":115526,"date":"2021-04-24T16:34:05","date_gmt":"2021-04-24T20:34:05","guid":{"rendered":"https:\/\/linitiative.ca\/International\/tunisie-hichem-mechichi-condamne-lacte-terroriste-execute-a-rambouillet-france\/"},"modified":"2021-04-24T16:34:05","modified_gmt":"2021-04-24T20:34:05","slug":"tunisie-hichem-mechichi-condamne-lacte-terroriste-execute-a-rambouillet-france","status":"publish","type":"post","link":"https:\/\/linitiative.ca\/International\/tunisie-hichem-mechichi-condamne-lacte-terroriste-execute-a-rambouillet-france\/","title":{"rendered":"Tunisie: Hichem Mechichi condamne l\u2019acte terroriste ex\u00e9cut\u00e9 \u00e0 Rambouillet-France"},"content":{"rendered":"<div class=\"post-cont-in left relative\">\n<div id=\"post-info-wrap\" class=\"left relative post-info-out\">\n<div class=\"post-info-img left relative\"><img decoding=\"async\" alt=\"\" src=\"https:\/\/secure.gravatar.com\/avatar\/ea481d7287ad38ca1787f44b5bb1b70e?s=50&amp;d=mm&amp;r=g\" srcset=\"https:\/\/secure.gravatar.com\/avatar\/ea481d7287ad38ca1787f44b5bb1b70e?s=100&amp;d=mm&amp;r=g 2x\" class=\"avatar avatar-50 photo\" height=\"50\" width=\"50\" loading=\"lazy\"\/><\/div>\n<div class=\"post-info-in\">\n<div class=\"post-info-right left relative post-info-name left relative\"><span><span class=\"post-info-text\">Par<\/span> <span class=\"author-name vcard fn author\"><a href=\"https:\/\/www.tunisienumerique.com\/author\/rania-ben-slimane\/\" title=\"Articles par rania ben slimane\" rel=\"author\">rania ben slimane<\/a><\/span><\/span> <span class=\"post-date updated\"><time class=\"post-date updated\" datetime=\"2021-04-24\">\u00a0| Il y a 25 secondes<\/time><\/span><br \/>\n<meta itemprop=\"dateModified\" content=\"2021-04-24\"\/><\/div>\n<div class=\"left relative\"><button id=\"listenButton1\" class=\"responsivevoice-button\" type=\"button\" value=\"Play\" title=\"\u00c9coutez l'article\"><span>\ud83d\udd0a \u00c9coutez l&rsquo;article<\/span><\/button>\n<\/div>\n<\/div>\n<\/div>\n<p>La pr\u00e9sidence du gouvernement a condamn\u00e9 dans un communiqu\u00e9 rendu public ce soir 24 avril 2021, l\u2019acte terroriste qui a vis\u00e9 un poste de police dans la ville de Rambouillet, aux portes de Paris et qui a entrain\u00e9 la mort \u00e0 coup d\u2019arme blanche d\u2019une polici\u00e8re le 23 avril 2021.<\/p>\n<div class=\"code-block code-block-1 c4\">\n <ins class=\"adsbygoogle c3\" data-ad-layout=\"in-article\" data-ad-format=\"fluid\" data-ad-client=\"ca-pub-2102118777505746\" data-ad-slot=\"7301775417\"\/>\n<\/div>\n<p>Selon la m\u00eame source, le Chef du gouvernement, Hichem Mechichi pr\u00e9sente ses sinc\u00e8res condol\u00e9ances aux fran\u00e7ais et \u00e0 la famille de la victime.<\/p>\n<p>Monsieur Mechichi a \u00e9galement exprim\u00e9 l\u2019enti\u00e8re solidarit\u00e9 de la Tunisie avec le gouvernement et le peuple fran\u00e7ais amis, affirmant que le terrorisme, quelle que soit son origine, n\u2019affectera pas la volont\u00e9 des peuples libres de coexister, de vivre dans la tol\u00e9rance et la solidarit\u00e9 les uns avec les autres.<\/p>\n<p>Il a soulign\u00e9 que la Tunisie a pay\u00e9 le prix fort pour vaincre ce fl\u00e9au et sera toujours du c\u00f4t\u00e9 de ses alli\u00e9s et de tous les peuples libres du monde contre ce ph\u00e9nom\u00e8ne.<\/p>\n<p>En outre, M. Mechichi a mis l\u2019accent sur l\u2019importance de la concertation de tous les efforts r\u00e9gionaux et internationaux dans le cadre de lutte contre le terrorisme, l\u2019extr\u00e9misme et la violence afin de pr\u00e9venir leurs r\u00e9percussions dangereuses sur la s\u00e9curit\u00e9 et la stabilit\u00e9 des pays ainsi que d\u2019instaurer les valeurs universelles de tol\u00e9rance, de mod\u00e9ration et de dialogue.<\/p>\n<div class=\"swp_social_panel swp_horizontal_panel swp_flat_fresh swp_default_full_color swp_individual_full_color swp_other_full_color scale-100 scale-\" data-min-width=\"1100\" data-float-color=\"#ffffff\" data-float=\"bottom\" data-float-mobile=\"bottom\" data-transition=\"slide\">\n<div class=\"nc_tweetContainer swp_share_button total_shares total_sharesalt\"><span class=\"swp_count\">0 <span class=\"swp_label\">Partages<\/span><\/span><\/div>\n<\/div>\n<p><strong>Que se passe-t-il en Tunisie?<\/strong><br \/>Nous expliquons sur notre <a href=\"https:\/\/www.youtube.com\/channel\/UCRzypVq0B_yBad5eGrwBx0Q?sub_confirmation=1\" target=\"_blank\" rel=\"noopener\">cha\u00eene YouTube<\/a> . <a href=\"https:\/\/www.youtube.com\/channel\/UCRzypVq0B_yBad5eGrwBx0Q?sub_confirmation=1\" target=\"_blank\" rel=\"noopener\">Abonnez-vous!<\/a><\/p>\n<div class=\"mvp-org-wrap\" itemprop=\"publisher\">\n<div class=\"mvp-org-logo\" itemprop=\"logo\"><img decoding=\"async\" src=\"https:\/\/www.tunisienumerique.com\/wp-content\/uploads\/2017\/02\/logo_tunisie_numerique.png\"\/><br \/>\n<meta itemprop=\"url\" content=\"https:\/\/www.tunisienumerique.com\/wp-content\/uploads\/2017\/02\/logo_tunisie_numerique.png\"\/><\/div>\n<p><meta content=\"Tunisie\"\/><\/div>\n<div class=\"mvp-related-posts left relative\">\n<h4 class=\"post-header\"><span class=\"post-header\">Lire aussi<\/span><\/h4>\n<\/div>\n<div id=\"article-ad\">\n <ins class=\"adsbygoogle c5\" data-ad-client=\"ca-pub-2102118777505746\" data-ad-slot=\"6513972734\" data-ad-format=\"auto\" data-full-width-responsive=\"true\"\/>\n<\/div>\n<\/div>\n<div id=\"post-sidebar-wrap\">\n <ins class=\"adsbygoogle c5\" data-ad-client=\"ca-pub-2102118777505746\" data-ad-slot=\"6168283410\" data-ad-format=\"auto\" data-full-width-responsive=\"true\"\/>\n<\/div>\n<p>Auteur: rania ben slimane<br \/>\n<a href=\"https:\/\/www.tunisienumerique.com\/tunisie-hichem-mechichi-condamne-lacte-terroriste-execute-a-rambouillet-france\/\">Cliquez ici pour lire l&rsquo;article depuis sa source.<\/a><\/p>\n","protected":false},"excerpt":{"rendered":"<p>Par rania ben slimane \u00a0| Il y a 25 secondes \ud83d\udd0a \u00c9coutez l&rsquo;article La pr\u00e9sidence du gouvernement a condamn\u00e9 dans un communiqu\u00e9 rendu public ce soir 24 avril 2021, l\u2019acte terroriste qui a vis\u00e9 un poste de police dans la ville de Rambouillet, aux portes de Paris et qui a entrain\u00e9 la mort \u00e0 coup [&hellip;]<\/p>\n","protected":false},"author":1789,"featured_media":0,"comment_status":"closed","ping_status":"closed","sticky":false,"template":"","format":"standard","meta":{"fifu_image_url":"https:\/\/secure.gravatar.com\/avatar\/ea481d7287ad38ca1787f44b5bb1b70e?s=50&d=mm&r=g","fifu_image_alt":"Tunisie: Hichem Mechichi condamne l\u2019acte terroriste ex\u00e9cut\u00e9 \u00e0 Rambouillet-France","footnotes":""},"categories":[73,55],"tags":[],"class_list":["post-115526","post","type-post","status-publish","format-standard","hentry","category-actualite","category-tunisie"],"_links":{"self":[{"href":"https:\/\/linitiative.ca\/International\/wp-json\/wp\/v2\/posts\/115526","targetHints":{"allow":["GET"]}}],"collection":[{"href":"https:\/\/linitiative.ca\/International\/wp-json\/wp\/v2\/posts"}],"about":[{"href":"https:\/\/linitiative.ca\/International\/wp-json\/wp\/v2\/types\/post"}],"author":[{"embeddable":true,"href":"https:\/\/linitiative.ca\/International\/wp-json\/wp\/v2\/users\/1789"}],"replies":[{"embeddable":true,"href":"https:\/\/linitiative.ca\/International\/wp-json\/wp\/v2\/comments?post=115526"}],"version-history":[{"count":0,"href":"https:\/\/linitiative.ca\/International\/wp-json\/wp\/v2\/posts\/115526\/revisions"}],"wp:attachment":[{"href":"https:\/\/linitiative.ca\/International\/wp-json\/wp\/v2\/media?parent=115526"}],"wp:term":[{"taxonomy":"category","embeddable":true,"href":"https:\/\/linitiative.ca\/International\/wp-json\/wp\/v2\/categories?post=115526"},{"taxonomy":"post_tag","embeddable":true,"href":"https:\/\/linitiative.ca\/International\/wp-json\/wp\/v2\/tags?post=115526"}],"curies":[{"name":"wp","href":"https:\/\/api.w.org\/{rel}","templated":true}]}}