{"id":115527,"date":"2021-04-24T16:42:36","date_gmt":"2021-04-24T20:42:36","guid":{"rendered":"https:\/\/linitiative.ca\/International\/tunisie-le-comite-scientifique-met-le-ministre-de-la-sante-en-situation-flagrante-de-conflit-dinteret\/"},"modified":"2021-04-24T16:42:36","modified_gmt":"2021-04-24T20:42:36","slug":"tunisie-le-comite-scientifique-met-le-ministre-de-la-sante-en-situation-flagrante-de-conflit-dinteret","status":"publish","type":"post","link":"https:\/\/linitiative.ca\/International\/tunisie-le-comite-scientifique-met-le-ministre-de-la-sante-en-situation-flagrante-de-conflit-dinteret\/","title":{"rendered":"Tunisie \u2013 Le comit\u00e9 scientifique met le ministre de la sant\u00e9 en situation flagrante de conflit d\u2019int\u00e9r\u00eat"},"content":{"rendered":"<div class=\"post-cont-in left relative\">\n<div id=\"post-info-wrap\" class=\"left relative post-info-out\">\n<div class=\"post-info-img left relative\"><img decoding=\"async\" alt=\"\" src=\"https:\/\/secure.gravatar.com\/avatar\/96253f4a657b482a18e837c1252096c2?s=50&amp;d=mm&amp;r=g\" srcset=\"https:\/\/secure.gravatar.com\/avatar\/96253f4a657b482a18e837c1252096c2?s=100&amp;d=mm&amp;r=g 2x\" class=\"avatar avatar-50 photo\" height=\"50\" width=\"50\" loading=\"lazy\"\/><\/div>\n<div class=\"post-info-in\">\n<div class=\"post-info-right left relative post-info-name left relative\"><span><span class=\"post-info-text\">Par<\/span> <span class=\"author-name vcard fn author\"><a href=\"https:\/\/www.tunisienumerique.com\/author\/saber\/\" title=\"Articles par Saber .\" rel=\"author\">Saber .<\/a><\/span><\/span> <span class=\"post-date updated\"><time class=\"post-date updated\" datetime=\"2021-04-24\">\u00a0| Il y a 1 minute<\/time><\/span><br \/>\n<meta itemprop=\"dateModified\" content=\"2021-04-24\"\/><\/div>\n<div class=\"left relative\"><button id=\"listenButton1\" class=\"responsivevoice-button\" type=\"button\" value=\"Play\" title=\"\u00c9coutez l'article\"><span>\ud83d\udd0a \u00c9coutez l&rsquo;article<\/span><\/button>\n<\/div>\n<\/div>\n<\/div>\n<p>Il \u00e9tait pr\u00e9vu, depuis le d\u00e9but que la commission scientifique de lutte contre le covid allait \u00eatre handicap\u00e9e du fait de sa mise sous la coupe du ministre de la sant\u00e9. La solution trouv\u00e9e par l\u2019ancien gouvernement, quand il a mis en place un comit\u00e9 ind\u00e9pendant sous la pr\u00e9sidence du chef du gouvernement, et si\u00e9geant \u00e0 l\u2019Aouina, \u00e9tait la bonne formule.<\/p>\n<div class=\"code-block code-block-1 c4\">\n <ins class=\"adsbygoogle c3\" data-ad-layout=\"in-article\" data-ad-format=\"fluid\" data-ad-client=\"ca-pub-2102118777505746\" data-ad-slot=\"7301775417\"\/>\n<\/div>\n<p>Mais avec la formule actuelle, il \u00e9tait tr\u00e8s \u00e9vident que cela ne pouvait pas marcher. Imaginons un peu, les personnes qui g\u00e8rent la crise, sont les m\u00eames qui \u00e9valuent le travail, et, toujours, les m\u00eames qui proposent des rectifications, au gouvernement. Sachant que le chef supr\u00eame de cette commission si\u00e8ge au sein du gouvernement. Une situation qui n\u2019a rien d\u2019\u00e9vident, surtout avec une personnalit\u00e9 comme celle de l\u2019actuel ministre de la sant\u00e9, on ne risque pas de sortir de l\u2019auberge.<\/p>\n<p>Vu sa position et sa forte personnalit\u00e9, on se demande comment le ministre de la sant\u00e9 va pouvoir valider les propositions des membres du comit\u00e9 scientifique et les transmettre \u00e0 ses sup\u00e9rieurs \u00e0 La Kasbah. Est-ce qu\u2019il va \u00e9couter sa conscience de m\u00e9decin et faire les propositions qui s\u2019imposent, en son \u00e2me et conscience, ou va-t-il essayer de \u00ab\u00a0mod\u00e9rer\u00a0\u00bb, les propositions de son \u00e9quipe, pour ne pas trop indisposer ses patrons\u00a0?<\/p>\n<p>D\u2019ailleurs, sa position est d\u00e9j\u00e0 claire, et elle n\u2019a pas de quoi satisfaire ses coll\u00e8gues et adjoints et est tr\u00e8s loin de ce qui pourrait pr\u00e9server les int\u00e9r\u00eats et la sant\u00e9 des tunisiens.<\/p>\n<p>D\u00e9j\u00e0, par deux fois, ce samedi, il a d\u00e9moli le travail de son comit\u00e9. Alors que certains de ses membres ont annonc\u00e9 qu\u2019ils vont demander l\u2019imposition du confinement g\u00e9n\u00e9ral et la fermeture des fronti\u00e8res, du moins avec la Libye et le France, le ministre s\u2019est prononc\u00e9 contre ces propositions avant, m\u00eame, qu\u2019elles ne soient annonc\u00e9es officiellement, puisqu\u2019il a profit\u00e9 de son passage sur des m\u00e9dias pour dire que le confinement g\u00e9n\u00e9ral n\u2019est pas \u00e0 l\u2019ordre du jour, de m\u00eame que la fermeture des fronti\u00e8res. Il est all\u00e9 jusqu\u2019\u00e0 pr\u00e9tendre que ces mesures ne seront pas propos\u00e9es par le comit\u00e9\u00a0!<\/p>\n<p>On sait, donc, d\u00e9j\u00e0, \u00e0 quoi s\u2019attendre avec ce ministre \u00e0 la t\u00eate de la commission, puisqu\u2019il a tendance \u00e0 porter, plut\u00f4t, sa casquette de membre du gouvernement que celle de ministre de la sant\u00e9, et il pense bien plus aux contraintes \u00e9conomiques du pays, qu\u2019aux imp\u00e9ratifs sanitaires\u00a0!<\/p>\n<div class=\"swp_social_panel swp_horizontal_panel swp_flat_fresh swp_default_full_color swp_individual_full_color swp_other_full_color scale-100 scale-\" data-min-width=\"1100\" data-float-color=\"#ffffff\" data-float=\"bottom\" data-float-mobile=\"bottom\" data-transition=\"slide\">\n<div class=\"nc_tweetContainer swp_share_button total_shares total_sharesalt\"><span class=\"swp_count\">0 <span class=\"swp_label\">Partages<\/span><\/span><\/div>\n<\/div>\n<p><strong>Que se passe-t-il en Tunisie?<\/strong><br \/>Nous expliquons sur notre <a href=\"https:\/\/www.youtube.com\/channel\/UCRzypVq0B_yBad5eGrwBx0Q?sub_confirmation=1\" target=\"_blank\" rel=\"noopener\">cha\u00eene YouTube<\/a> . <a href=\"https:\/\/www.youtube.com\/channel\/UCRzypVq0B_yBad5eGrwBx0Q?sub_confirmation=1\" target=\"_blank\" rel=\"noopener\">Abonnez-vous!<\/a><\/p>\n<div class=\"mvp-org-wrap\" itemprop=\"publisher\">\n<div class=\"mvp-org-logo\" itemprop=\"logo\"><img decoding=\"async\" src=\"https:\/\/www.tunisienumerique.com\/wp-content\/uploads\/2017\/02\/logo_tunisie_numerique.png\"\/><br \/>\n<meta itemprop=\"url\" content=\"https:\/\/www.tunisienumerique.com\/wp-content\/uploads\/2017\/02\/logo_tunisie_numerique.png\"\/><\/div>\n<p><meta content=\"Tunisie\"\/><\/div>\n<div class=\"mvp-related-posts left relative\">\n<h4 class=\"post-header\"><span class=\"post-header\">Lire aussi<\/span><\/h4>\n<\/div>\n<div id=\"article-ad\">\n <ins class=\"adsbygoogle c5\" data-ad-client=\"ca-pub-2102118777505746\" data-ad-slot=\"6513972734\" data-ad-format=\"auto\" data-full-width-responsive=\"true\"\/>\n<\/div>\n<\/div>\n<div id=\"post-sidebar-wrap\">\n <ins class=\"adsbygoogle c5\" data-ad-client=\"ca-pub-2102118777505746\" data-ad-slot=\"6168283410\" data-ad-format=\"auto\" data-full-width-responsive=\"true\"\/>\n<\/div>\n<p>Auteur: Saber .<br \/>\n<a href=\"https:\/\/www.tunisienumerique.com\/tunisie-le-comite-scientifique-met-le-ministre-de-la-sante-en-situation-flagrante-de-conflit-dinteret\/\">Cliquez ici pour lire l&rsquo;article depuis sa source.<\/a><\/p>\n","protected":false},"excerpt":{"rendered":"<p>Par Saber . \u00a0| Il y a 1 minute \ud83d\udd0a \u00c9coutez l&rsquo;article Il \u00e9tait pr\u00e9vu, depuis le d\u00e9but que la commission scientifique de lutte contre le covid allait \u00eatre handicap\u00e9e du fait de sa mise sous la coupe du ministre de la sant\u00e9. La solution trouv\u00e9e par l\u2019ancien gouvernement, quand il a mis en place [&hellip;]<\/p>\n","protected":false},"author":1789,"featured_media":0,"comment_status":"closed","ping_status":"closed","sticky":false,"template":"","format":"standard","meta":{"fifu_image_url":"https:\/\/secure.gravatar.com\/avatar\/96253f4a657b482a18e837c1252096c2?s=50&d=mm&r=g","fifu_image_alt":"Tunisie \u2013 Le comit\u00e9 scientifique met le ministre de la sant\u00e9 en situation flagrante de conflit d\u2019int\u00e9r\u00eat","footnotes":""},"categories":[73,55],"tags":[],"class_list":["post-115527","post","type-post","status-publish","format-standard","hentry","category-actualite","category-tunisie"],"_links":{"self":[{"href":"https:\/\/linitiative.ca\/International\/wp-json\/wp\/v2\/posts\/115527","targetHints":{"allow":["GET"]}}],"collection":[{"href":"https:\/\/linitiative.ca\/International\/wp-json\/wp\/v2\/posts"}],"about":[{"href":"https:\/\/linitiative.ca\/International\/wp-json\/wp\/v2\/types\/post"}],"author":[{"embeddable":true,"href":"https:\/\/linitiative.ca\/International\/wp-json\/wp\/v2\/users\/1789"}],"replies":[{"embeddable":true,"href":"https:\/\/linitiative.ca\/International\/wp-json\/wp\/v2\/comments?post=115527"}],"version-history":[{"count":0,"href":"https:\/\/linitiative.ca\/International\/wp-json\/wp\/v2\/posts\/115527\/revisions"}],"wp:attachment":[{"href":"https:\/\/linitiative.ca\/International\/wp-json\/wp\/v2\/media?parent=115527"}],"wp:term":[{"taxonomy":"category","embeddable":true,"href":"https:\/\/linitiative.ca\/International\/wp-json\/wp\/v2\/categories?post=115527"},{"taxonomy":"post_tag","embeddable":true,"href":"https:\/\/linitiative.ca\/International\/wp-json\/wp\/v2\/tags?post=115527"}],"curies":[{"name":"wp","href":"https:\/\/api.w.org\/{rel}","templated":true}]}}