{"id":115534,"date":"2021-04-23T20:18:02","date_gmt":"2021-04-24T00:18:02","guid":{"rendered":"https:\/\/linitiative.ca\/International\/le-maroc-appelle-sfi-a-accelerer-la-conclusion-du-cadre-de-partenariat-pluriannuel-de-cooperation-financiere-et-technique\/"},"modified":"2021-04-23T20:18:02","modified_gmt":"2021-04-24T00:18:02","slug":"le-maroc-appelle-sfi-a-accelerer-la-conclusion-du-cadre-de-partenariat-pluriannuel-de-cooperation-financiere-et-technique","status":"publish","type":"post","link":"https:\/\/linitiative.ca\/International\/le-maroc-appelle-sfi-a-accelerer-la-conclusion-du-cadre-de-partenariat-pluriannuel-de-cooperation-financiere-et-technique\/","title":{"rendered":"Le Maroc appelle SFI \u00e0 acc\u00e9l\u00e9rer la conclusion du cadre de partenariat pluriannuel de coop\u00e9ration financi\u00e8re et technique"},"content":{"rendered":"<div readability=\"32\">\n<p>Publi\u00e9 le 24.04.2021 \u00e0 01h18 par APA News<\/p>\n<\/div>\n<div readability=\"72\">\n<p>Le ministre marocain de l\u2019Economie et des finances, Mohamed Benchaaboun, a tenu, jeudi, une r\u00e9union virtuelle avec Makhtar Diop, nouveau Directeur g\u00e9n\u00e9ral et vice-pr\u00e9sident ex\u00e9cutif de la Soci\u00e9t\u00e9 financi\u00e8re internationale (SFI), filiale du Groupe de la Banque mondiale sp\u00e9cialis\u00e9e dans le d\u00e9veloppement du secteur priv\u00e9.Au cours de cette r\u00e9union, le ministre marocain a expos\u00e9 les deux principaux axes du plan de relance post-Covid \u00e0 savoir la maximisation de l\u2019effet de levier \u00e0 travers le Fonds Mohammed VI pour l\u2019investissement et la r\u00e9forme du secteur public, indique vendredi un communiqu\u00e9 du minist\u00e8re marocain de l\u2019Economie et des finances.<\/p>\n<p>Dans ce cadre, il a appel\u00e9 la SFI \u00e0 acc\u00e9l\u00e9rer la conclusion du cadre de partenariat pluriannuel de coop\u00e9ration financi\u00e8re et technique avec cette institution.<\/p>\n<p>Ce cadre devrait porter sur les domaines d\u2019intervention de la SFI en mati\u00e8re de soutien \u00e0 la relance post-COVID-19. Cette rencontre a constitu\u00e9, \u00e9galement, l\u2019occasion pour le ministre marocain de passer en revue les autres chantiers de r\u00e9formes prioritaires engag\u00e9s, notamment le chantier structurant de la g\u00e9n\u00e9ralisation de la protection sociale, poursuit la m\u00eame source.<\/p>\n<p>Pour sa part, le Directeur g\u00e9n\u00e9ral de SFI a soulign\u00e9 la disposition de son institution \u00e0 renforcer son soutien, tant financier que technique, aux efforts du Royaume en mati\u00e8re de mobilisation du secteur priv\u00e9 dans la dynamique du d\u00e9veloppement \u00e9conomique et social du Maroc.<\/p>\n<p>A cet \u00e9gard, il a fait part de l\u2019engagement de son institution \u00e0 finaliser rapidement le cadre de partenariat pluriannuel. Enfin, M. Diop a signal\u00e9 que le Maroc est un point d\u2019ancrage dans la r\u00e9gion MENA et un hub en Afrique. A ce titre, le Royaume a un r\u00f4le important \u00e0 jouer en tant que plateforme pour attirer les investissements priv\u00e9s \u00e0 l\u2019\u00e9chelle nationale et r\u00e9gionale, conclut le communiqu\u00e9.<\/p>\n<\/div>\n<p>Auteur: APA News<br \/>\n<a href=\"https:\/\/www.journalducameroun.com\/le-maroc-appelle-sfi-a-accelerer-la-conclusion-du-cadre-de-partenariat-pluriannuel-de-cooperation-financiere-et-technique\/\">Cliquez ici pour lire l&rsquo;article depuis sa source.<\/a><\/p>\n","protected":false},"excerpt":{"rendered":"<p>Publi\u00e9 le 24.04.2021 \u00e0 01h18 par APA News Le ministre marocain de l\u2019Economie et des finances, Mohamed Benchaaboun, a tenu, jeudi, une r\u00e9union virtuelle avec Makhtar Diop, nouveau Directeur g\u00e9n\u00e9ral et vice-pr\u00e9sident ex\u00e9cutif de la Soci\u00e9t\u00e9 financi\u00e8re internationale (SFI), filiale du Groupe de la Banque mondiale sp\u00e9cialis\u00e9e dans le d\u00e9veloppement du secteur priv\u00e9.Au cours de [&hellip;]<\/p>\n","protected":false},"author":1965,"featured_media":0,"comment_status":"closed","ping_status":"closed","sticky":false,"template":"","format":"standard","meta":{"fifu_image_url":"","fifu_image_alt":"","footnotes":""},"categories":[73,82],"tags":[],"class_list":["post-115534","post","type-post","status-publish","format-standard","hentry","category-actualite","category-cameroun"],"_links":{"self":[{"href":"https:\/\/linitiative.ca\/International\/wp-json\/wp\/v2\/posts\/115534","targetHints":{"allow":["GET"]}}],"collection":[{"href":"https:\/\/linitiative.ca\/International\/wp-json\/wp\/v2\/posts"}],"about":[{"href":"https:\/\/linitiative.ca\/International\/wp-json\/wp\/v2\/types\/post"}],"author":[{"embeddable":true,"href":"https:\/\/linitiative.ca\/International\/wp-json\/wp\/v2\/users\/1965"}],"replies":[{"embeddable":true,"href":"https:\/\/linitiative.ca\/International\/wp-json\/wp\/v2\/comments?post=115534"}],"version-history":[{"count":0,"href":"https:\/\/linitiative.ca\/International\/wp-json\/wp\/v2\/posts\/115534\/revisions"}],"wp:attachment":[{"href":"https:\/\/linitiative.ca\/International\/wp-json\/wp\/v2\/media?parent=115534"}],"wp:term":[{"taxonomy":"category","embeddable":true,"href":"https:\/\/linitiative.ca\/International\/wp-json\/wp\/v2\/categories?post=115534"},{"taxonomy":"post_tag","embeddable":true,"href":"https:\/\/linitiative.ca\/International\/wp-json\/wp\/v2\/tags?post=115534"}],"curies":[{"name":"wp","href":"https:\/\/api.w.org\/{rel}","templated":true}]}}