{"id":115535,"date":"2021-04-23T20:18:02","date_gmt":"2021-04-24T00:18:02","guid":{"rendered":"https:\/\/linitiative.ca\/International\/attaque-camp-ndotre-une-fake-news-visant-les-liberiens-tues-dementi\/"},"modified":"2021-04-23T20:18:02","modified_gmt":"2021-04-24T00:18:02","slug":"attaque-camp-ndotre-une-fake-news-visant-les-liberiens-tues-dementi","status":"publish","type":"post","link":"https:\/\/linitiative.ca\/International\/attaque-camp-ndotre-une-fake-news-visant-les-liberiens-tues-dementi\/","title":{"rendered":"Attaque camp Ndotr\u00e9: une fake news visant les Lib\u00e9riens tu\u00e9s d\u00e9menti"},"content":{"rendered":"<div readability=\"32\">\n<p>Publi\u00e9 le 24.04.2021 \u00e0 01h18 par APA News<\/p>\n<\/div>\n<div readability=\"79\">\n<p>Le procureur g\u00e9n\u00e9ral pr\u00e8s la Cour d\u2019appel de Daloa (Ouest ivoirien), J. Daffot, d\u00e9ment une vid\u00e9o circulant sur les r\u00e9seaux sociaux, visant les assaillants Lib\u00e9riens tu\u00e9s lors de l\u2019attaque du camp militaire de Ndotr\u00e9, dans le Nord d\u2019Abidjan, selon un communiqu\u00e9.<\/p>\n<p>Cette \u00ab\u00a0vid\u00e9o mise en ligne ces derniers jours sur les r\u00e9seaux sociaux laisse croire que les individus de nationalit\u00e9 lib\u00e9rienne tu\u00e9s lors de l\u2019attaque de la base militaire de N\u2019Dotr\u00e9, seraient des d\u00e9tenus extraits nuitamment par des inconnus\u00a0\u00bb, indique le communiqu\u00e9.\u00a0<\/p>\n<p>Selon la vid\u00e9o, ces individus ont \u00e9t\u00e9 extraits des ge\u00f4les \u00ab\u00a0dans la nuit du 17 au 18 avril 2021, de la Maison d\u2019arr\u00eat et de correction de Sassandra, o\u00f9 ils \u00e9taient incarc\u00e9r\u00e9s pour trafic de stup\u00e9fiants\u00a0\u00bb, ajoute le communiqu\u00e9. \u00a0<\/p>\n<p>\u00ab\u00a0Le procureur g\u00e9n\u00e9ral pr\u00e8s la Cour d\u2019appel de Daloa voudrait indiquer que ces all\u00e9gations sont d\u00e9nu\u00e9es de tout fondement\u00a0\u00bb, souligne le communiqu\u00e9, qui apporte un d\u00e9menti sur cette nouvelle qui a enflamm\u00e9 la toile. \u00a0<\/p>\n<p>\u00ab\u00a0Elles le sont d\u2019autant plus qu\u2019aucune des deux personnes de nationalit\u00e9 lib\u00e9rienne, actuellement en d\u00e9tention \u00e0 la Maison d\u2019arr\u00eat et de correction de Sassandra, n\u2019en a \u00e9t\u00e9 extraite, encore moins pour les fins all\u00e9gu\u00e9s\u00a0\u00bb, poursuit le texte. \u00a0<\/p>\n<p>Le procureur \u00ab\u00a0tient \u00e0 porter \u00e0 la connaissance de l\u2019opinion nationale et internationale que de 2018 \u00e0 ce jour, la Maison d\u2019arr\u00eat et de correction de Sassandra a accueilli 11 pensionnaires de nationalit\u00e9 lib\u00e9rienne dont neuf ont \u00e9t\u00e9 lib\u00e9r\u00e9s \u00e0 l\u2019issue de l\u2019ex\u00e9cution de leur peine\u00a0\u00bb, mentionne le communiqu\u00e9. \u00a0<\/p>\n<p>Une attaque survenue dans la nuit du mardi 20 au mercredi 21 avril 2021 a vis\u00e9 un poste de police \u00e0 l\u2019entr\u00e9e du camp militaire de Ndotr\u00e9 dans la commune d\u2019Abobo, faisant trois morts sur le champ et un autre assaillant qui a succomb\u00e9 de ses blessures \u00e0 l\u2019h\u00f4pital.\u00a0<\/p>\n<\/div>\n<p>Auteur: APA News<br \/>\n<a href=\"https:\/\/www.journalducameroun.com\/attaque-camp-ndotre-une-fake-news-visant-les-liberiens-tues-dementi\/\">Cliquez ici pour lire l&rsquo;article depuis sa source.<\/a><\/p>\n","protected":false},"excerpt":{"rendered":"<p>Publi\u00e9 le 24.04.2021 \u00e0 01h18 par APA News Le procureur g\u00e9n\u00e9ral pr\u00e8s la Cour d\u2019appel de Daloa (Ouest ivoirien), J. Daffot, d\u00e9ment une vid\u00e9o circulant sur les r\u00e9seaux sociaux, visant les assaillants Lib\u00e9riens tu\u00e9s lors de l\u2019attaque du camp militaire de Ndotr\u00e9, dans le Nord d\u2019Abidjan, selon un communiqu\u00e9. Cette \u00ab\u00a0vid\u00e9o mise en ligne ces [&hellip;]<\/p>\n","protected":false},"author":1965,"featured_media":0,"comment_status":"closed","ping_status":"closed","sticky":false,"template":"","format":"standard","meta":{"fifu_image_url":"","fifu_image_alt":"","footnotes":""},"categories":[73,82],"tags":[],"class_list":["post-115535","post","type-post","status-publish","format-standard","hentry","category-actualite","category-cameroun"],"_links":{"self":[{"href":"https:\/\/linitiative.ca\/International\/wp-json\/wp\/v2\/posts\/115535","targetHints":{"allow":["GET"]}}],"collection":[{"href":"https:\/\/linitiative.ca\/International\/wp-json\/wp\/v2\/posts"}],"about":[{"href":"https:\/\/linitiative.ca\/International\/wp-json\/wp\/v2\/types\/post"}],"author":[{"embeddable":true,"href":"https:\/\/linitiative.ca\/International\/wp-json\/wp\/v2\/users\/1965"}],"replies":[{"embeddable":true,"href":"https:\/\/linitiative.ca\/International\/wp-json\/wp\/v2\/comments?post=115535"}],"version-history":[{"count":0,"href":"https:\/\/linitiative.ca\/International\/wp-json\/wp\/v2\/posts\/115535\/revisions"}],"wp:attachment":[{"href":"https:\/\/linitiative.ca\/International\/wp-json\/wp\/v2\/media?parent=115535"}],"wp:term":[{"taxonomy":"category","embeddable":true,"href":"https:\/\/linitiative.ca\/International\/wp-json\/wp\/v2\/categories?post=115535"},{"taxonomy":"post_tag","embeddable":true,"href":"https:\/\/linitiative.ca\/International\/wp-json\/wp\/v2\/tags?post=115535"}],"curies":[{"name":"wp","href":"https:\/\/api.w.org\/{rel}","templated":true}]}}