{"id":115536,"date":"2021-04-24T07:18:02","date_gmt":"2021-04-24T11:18:02","guid":{"rendered":"https:\/\/linitiative.ca\/International\/energie-et-jeunesse-au-menu-de-la-presse-senegalaise\/"},"modified":"2021-04-24T07:18:02","modified_gmt":"2021-04-24T11:18:02","slug":"energie-et-jeunesse-au-menu-de-la-presse-senegalaise","status":"publish","type":"post","link":"https:\/\/linitiative.ca\/International\/energie-et-jeunesse-au-menu-de-la-presse-senegalaise\/","title":{"rendered":"\u00c9nergie et jeunesse au menu de la presse s\u00e9n\u00e9galaise"},"content":{"rendered":"<div readability=\"32\">\n<p>Publi\u00e9 le 24.04.2021 \u00e0 12h18 par APA News<\/p>\n<\/div>\n<div readability=\"103\">\n<p>Les quotidiens s\u00e9n\u00e9galais parvenus samedi \u00e0 APA traitent principalement des cons\u00e9quences de la gr\u00e8ve des transporteurs d\u2019hydrocarbures et de la sortie de l\u2019ancienne Premier ministre Aminata Tour\u00e9 sur l\u2019emploi des jeunes.\u00ab Panne capitale \u00bb, titre Le Quotidien \u00e0 propos de la gr\u00e8ve des transporteurs des hydrocarbures. La cons\u00e9quence d\u2019apr\u00e8s le journal : les stations d\u2019essence sont prises d\u2019assaut. Cependant, le Syndicat \u00ab\u00a0annonce la fin de la gr\u00e8ve et le retour progressif \u00e0 la normale\u00a0\u00bb.<\/p>\n<p>\u00ab\u00a0La gr\u00e8ve est suspendue\u00a0\u00bb, informe dans Vox Populi le secr\u00e9taire g\u00e9n\u00e9ral int\u00e9rimaire du Syndicat des travailleurs du p\u00e9trole. Il explique que la p\u00e9nurie d\u2019essence, \u00ab\u00a0c\u2019est la cons\u00e9quence de la gr\u00e8ve qui a \u00e9t\u00e9 suivie \u00e0 100%\u00a0\u00bb par ses camarades.<\/p>\n<p>Lib\u00e9ration titre sur sur la cons\u00e9quence de trois naufrages en M\u00e9diterran\u00e9e : \u00ab 172 migrants meurent dans l\u2019indiff\u00e9rence totale \u00bb. Selon le journal, plusieurs ressortissants d\u2019Afrique subsaharienne sont recens\u00e9s parmi les victimes.<\/p>\n<p>Le quotidien national Le Soleil informe que les soci\u00e9t\u00e9s a\u00e9roportuaires nationales \u00ab\u00a0AIBD SA et ADS vont fusionner\u00a0\u00bb. C\u2019est la d\u00e9cision issue du Conseil pr\u00e9sidentiel consacr\u00e9 \u00e0 la strat\u00e9gie Hub a\u00e9rien et touristique. Pendant ce temps, le journal affirme que la DER et le PUMA cr\u00e9ent une ligne de cr\u00e9dit de 1,5 milliard pour les zones frontali\u00e8res.\u00a0<\/p>\n<p>L\u2019AS rapporte la \u00ab\u00a0col\u00e8re noire\u00a0\u00bb de Mansour Faye, le ministre alors charg\u00e9 de g\u00e9rer l\u2019acheminement des fonds de soutien aux impact\u00e9s de la Covid-19 dont les conducteurs de moto \u00ab\u00a0Jakarta\u00a0\u00bb, l\u2019ann\u00e9e derni\u00e8re. Selon le journal, \u00ab\u00a0les 450 millions (sont) retrouv\u00e9s au Tr\u00e9sor\u00a0\u00bb et que \u00ab\u00a0le pr\u00e9sident (Macky Sall a \u00e9t\u00e9) induit en erreur par le SG Ob\u00e8ye Sagna qui s\u2019attire la col\u00e8re de Mansour Faye\u00a0\u00bb.<\/p>\n<p>\u00ab Mansour Faye se blanchit de l\u2019argent des Jakartamen \u00bb, indique Vox Populi avant de reprendre le ministre et non moins beau-fr\u00e8re du chef de l\u2019Etat. \u00ab L\u2019argent est dans les caisses du Tr\u00e9sor en attendant l\u2019identification de tous les b\u00e9n\u00e9ficiaires \u00bb, a-t-il dit.<\/p>\n<p>Sur la lutte contre le ch\u00f4mage, Walf Quotidien note que \u00ab\u00a0Mimi rectifie Macky\u00a0\u00bb. L\u2019ex-Premier ministre estime qu\u2019il \u00ab\u00a0faut conserver les emplois existants et retrouver les emplois perdus\u00a0\u00bb.<\/p>\n<p>Sud Quotidien titre aussi sur \u00ab la recette de Mimi \u00bb ou Aminata Tour\u00e9, d\u00e9barqu\u00e9e en fin 2020 de la t\u00eate du Conseil \u00e9conomique, social et environnemental (Cese) au profit d\u2019Idrissa Seck, ancien puissant opposant de Macky Sall devenu membre de la mouvance. Ainsi pour Mimi, \u00ab\u00a0la question de l\u2019emploi des jeunes doit \u00eatre pr\u00e9c\u00e9d\u00e9e par celle de la pr\u00e9servation des emplois existants \u00bb.\u00a0<\/p>\n<p>En sport, le lutteur Tapha Tine avertit son adversaire Boy Niang 2 dans L\u2019AS : \u00ab Les amateurs ne seront pas d\u00e9\u00e7us de ce duel \u00bb.<\/p>\n<p>Dans Record, Bamba Ciss\u00e9, pr\u00e9sident d\u2019une association de lutteurs, note que c\u2019est \u00ab\u00a0un danger que de laisser tous ces jeunes sans m\u00e9tier\u00a0\u00bb.<\/p>\n<p>Stades titre sur les affiches des championnats europ\u00e9ens de football de ce week-end, mais aussi sur les r\u00e9v\u00e9lations de Souleymane Boun Daouda Diop, ancien directeur de la Haute comp\u00e9tition au minist\u00e8re des Sports.\u00a0<\/p>\n<p>Il soutient que le s\u00e9lectionneur national \u00ab Aliou Ciss\u00e9 n\u2019\u00e9tait ni le choix du minist\u00e8re ni de la FSF \u00bb, la F\u00e9d\u00e9ration s\u00e9n\u00e9galaise de football.<\/p>\n<\/div>\n<p>Auteur: APA News<br \/>\n<a href=\"https:\/\/www.journalducameroun.com\/energie-et-jeunesse-au-menu-de-la-presse-senegalaise\/\">Cliquez ici pour lire l&rsquo;article depuis sa source.<\/a><\/p>\n","protected":false},"excerpt":{"rendered":"<p>Publi\u00e9 le 24.04.2021 \u00e0 12h18 par APA News Les quotidiens s\u00e9n\u00e9galais parvenus samedi \u00e0 APA traitent principalement des cons\u00e9quences de la gr\u00e8ve des transporteurs d\u2019hydrocarbures et de la sortie de l\u2019ancienne Premier ministre Aminata Tour\u00e9 sur l\u2019emploi des jeunes.\u00ab Panne capitale \u00bb, titre Le Quotidien \u00e0 propos de la gr\u00e8ve des transporteurs des hydrocarbures. La [&hellip;]<\/p>\n","protected":false},"author":1965,"featured_media":0,"comment_status":"closed","ping_status":"closed","sticky":false,"template":"","format":"standard","meta":{"fifu_image_url":"","fifu_image_alt":"","footnotes":""},"categories":[73,82],"tags":[],"class_list":["post-115536","post","type-post","status-publish","format-standard","hentry","category-actualite","category-cameroun"],"_links":{"self":[{"href":"https:\/\/linitiative.ca\/International\/wp-json\/wp\/v2\/posts\/115536","targetHints":{"allow":["GET"]}}],"collection":[{"href":"https:\/\/linitiative.ca\/International\/wp-json\/wp\/v2\/posts"}],"about":[{"href":"https:\/\/linitiative.ca\/International\/wp-json\/wp\/v2\/types\/post"}],"author":[{"embeddable":true,"href":"https:\/\/linitiative.ca\/International\/wp-json\/wp\/v2\/users\/1965"}],"replies":[{"embeddable":true,"href":"https:\/\/linitiative.ca\/International\/wp-json\/wp\/v2\/comments?post=115536"}],"version-history":[{"count":0,"href":"https:\/\/linitiative.ca\/International\/wp-json\/wp\/v2\/posts\/115536\/revisions"}],"wp:attachment":[{"href":"https:\/\/linitiative.ca\/International\/wp-json\/wp\/v2\/media?parent=115536"}],"wp:term":[{"taxonomy":"category","embeddable":true,"href":"https:\/\/linitiative.ca\/International\/wp-json\/wp\/v2\/categories?post=115536"},{"taxonomy":"post_tag","embeddable":true,"href":"https:\/\/linitiative.ca\/International\/wp-json\/wp\/v2\/tags?post=115536"}],"curies":[{"name":"wp","href":"https:\/\/api.w.org\/{rel}","templated":true}]}}