{"id":115537,"date":"2021-04-24T13:18:01","date_gmt":"2021-04-24T17:18:01","guid":{"rendered":"https:\/\/linitiative.ca\/International\/le-fpi-sengage-a-fond-dans-la-reconciliation-avant-larrivee-de-gbagbo\/"},"modified":"2021-04-24T13:18:01","modified_gmt":"2021-04-24T17:18:01","slug":"le-fpi-sengage-a-fond-dans-la-reconciliation-avant-larrivee-de-gbagbo","status":"publish","type":"post","link":"https:\/\/linitiative.ca\/International\/le-fpi-sengage-a-fond-dans-la-reconciliation-avant-larrivee-de-gbagbo\/","title":{"rendered":"Le FPI s\u2019engage \u00e0 fond dans la r\u00e9conciliation avant l\u2019arriv\u00e9e de Gbagbo"},"content":{"rendered":"<div readability=\"32\">\n<p>Publi\u00e9 le 24.04.2021 \u00e0 18h18 par APA News<\/p>\n<\/div>\n<div readability=\"121\">\n<p>La frange du Front populaire ivoirien (FPI, opposition) conduite par Assoa Adou, appelle les militants du parti \u00e0 s\u2019engager dans la campagne de r\u00e9conciliation nationale et assure de l\u2019arriv\u00e9e de Laurent Gbagbo en terre ivoirienne.<\/p>\n<p>Le Comit\u00e9 central de cette frange du parti fond\u00e9 par M. Gbagbo, r\u00e9uni samedi \u00e0 Abidjan a appel\u00e9 \u00e0 la mobilisation de toutes les structures du parti et de tous les militants \u00e0 \u00ab\u00a0s\u2019engager, sans r\u00e9serve, dans la campagne pour la r\u00e9conciliation nationale en s\u2019abstenant de tout propos et de tout comportement revanchard ou haineux\u00a0\u00bb.<\/p>\n<p>Les membres du Comit\u00e9 central, rassembl\u00e9s sur convocation du secr\u00e9tariat g\u00e9n\u00e9ral, ont assur\u00e9 de leur \u00ab\u00a0soutien ind\u00e9fectible\u00a0\u00bb \u00e0 \u00ab\u00a0Laurent Gbagbo, homme de paix, de tol\u00e9rance et de pardon dont l\u2019arriv\u00e9e en terre ivoirienne est attendue de tous pour la r\u00e9conciliation v\u00e9ritable et la paix en C\u00f4te d\u2019Ivoire\u00a0\u00bb.<\/p>\n<p>Dans l\u2019\u00e9lan de la r\u00e9conciliation nationale, le Comit\u00e9 central a \u00ab\u00a0demand\u00e9 en cons\u00e9quence, la lib\u00e9ration de tous les prisonniers politiques, civils et militaires, et le retour s\u00e9curis\u00e9 de tous les exil\u00e9s\u00a0\u00bb.\u00a0<\/p>\n<p>Le secr\u00e9taire g\u00e9n\u00e9ral, Assoa Adou, a au cours de la s\u00e9ance inform\u00e9 le Comit\u00e9 Central de la mise en place, \u00ab\u00a0en accord\u00a0\u00bb avec M. Gbagbo, de deux structures charg\u00e9es, sous l\u2019autorit\u00e9 du Secr\u00e9taire G\u00e9n\u00e9ral, de l\u2019organisation et de la gestion du retour, au pays, de l\u2019ex-pr\u00e9sident. \u00a0<\/p>\n<p>Il s\u2019agit, d\u2019une part, du \u00ab\u00a0Comit\u00e9 national d\u2019accueil\u00a0\u00bb de M. Gbagbo, compos\u00e9 de personnalit\u00e9s issues de toutes les r\u00e9gions du pays, officiellement install\u00e9 le 24 f\u00e9vrier 2021, et, d\u2019autre part, du \u00ab Comit\u00e9 Op\u00e9rationnel d\u2019Organisation\u00a0\u00bb du retour de l\u2019ex-pr\u00e9sident ivoirien.\u00a0<\/p>\n<p>Le Comit\u00e9 Central qui s\u2019est f\u00e9licit\u00e9 de l\u2019avancement des pr\u00e9paratifs du retour, en C\u00f4te d\u2019Ivoire, de M. Laurent Gbagbo, a salu\u00e9 \u00ab\u00a0le triomphe du droit et de la v\u00e9rit\u00e9 qui s\u2019est manifest\u00e9 aux yeux du monde entier par l\u2019acquittement d\u00e9finitif\u00a0\u00bb de MM. Gbagbo et de Charles Bl\u00e9 Goud\u00e9.\u00a0<\/p>\n<p>La frange du FPI dirig\u00e9e par Assoa Adou consid\u00e8re M. Gbagbo comme le \u00ab\u00a0pr\u00e9sident\u00a0\u00bb du parti. L\u2019ancien Premier ministre, Pascal Affi Nguessan, pr\u00e9sident statutaire, lui, entretient d\u2019autres militants. Et ce, apr\u00e8s des dissensions soutenues depuis quelques ann\u00e9es.\u00a0<\/p>\n<p>M. Assoa Adou a eu des s\u00e9ances de travail avec l\u2019ancien pr\u00e9sident les 03 et 04 avril 2021 \u00e0 Bruxelles, relativement \u00e0 la question de son retour en C\u00f4te d\u2019Ivoire, apr\u00e8s son acquittement d\u00e9finitif fin mars 2021. \u00a0<\/p>\n<p>Pour le Comit\u00e9 Central, le retour de M. Gbagbo \u00ab\u00a0sur la terre de ses anc\u00eatres doit \u00eatre un moment de grand rassemblement de tous les Ivoiriens, non pour c\u00e9l\u00e9brer une victoire, mais pour engager ensemble le combat de la r\u00e9conciliation et de la coh\u00e9sion\u00a0\u00bb entre tous les fils du pays.\u00a0<\/p>\n<p>La rencontre a eu lieu sous la pr\u00e9sidence de Laurent Akoun, 4\u00e8me vice-pr\u00e9sident charg\u00e9 de la vie du parti. L\u2019ordre du jour de cette session extraordinaire a port\u00e9 sur un point unique: Pr\u00e9paratifs de l\u2019accueil de l\u2019ancien pr\u00e9sident ivoirien Laurent Gbagbo.<\/p>\n<\/div>\n<p>Auteur: APA News<br \/>\n<a href=\"https:\/\/www.journalducameroun.com\/le-fpi-sengage-a-fond-dans-la-reconciliation-avant-larrivee-de-gbagbo\/\">Cliquez ici pour lire l&rsquo;article depuis sa source.<\/a><\/p>\n","protected":false},"excerpt":{"rendered":"<p>Publi\u00e9 le 24.04.2021 \u00e0 18h18 par APA News La frange du Front populaire ivoirien (FPI, opposition) conduite par Assoa Adou, appelle les militants du parti \u00e0 s\u2019engager dans la campagne de r\u00e9conciliation nationale et assure de l\u2019arriv\u00e9e de Laurent Gbagbo en terre ivoirienne. Le Comit\u00e9 central de cette frange du parti fond\u00e9 par M. Gbagbo, [&hellip;]<\/p>\n","protected":false},"author":1965,"featured_media":0,"comment_status":"closed","ping_status":"closed","sticky":false,"template":"","format":"standard","meta":{"fifu_image_url":"","fifu_image_alt":"","footnotes":""},"categories":[73,82],"tags":[],"class_list":["post-115537","post","type-post","status-publish","format-standard","hentry","category-actualite","category-cameroun"],"_links":{"self":[{"href":"https:\/\/linitiative.ca\/International\/wp-json\/wp\/v2\/posts\/115537","targetHints":{"allow":["GET"]}}],"collection":[{"href":"https:\/\/linitiative.ca\/International\/wp-json\/wp\/v2\/posts"}],"about":[{"href":"https:\/\/linitiative.ca\/International\/wp-json\/wp\/v2\/types\/post"}],"author":[{"embeddable":true,"href":"https:\/\/linitiative.ca\/International\/wp-json\/wp\/v2\/users\/1965"}],"replies":[{"embeddable":true,"href":"https:\/\/linitiative.ca\/International\/wp-json\/wp\/v2\/comments?post=115537"}],"version-history":[{"count":0,"href":"https:\/\/linitiative.ca\/International\/wp-json\/wp\/v2\/posts\/115537\/revisions"}],"wp:attachment":[{"href":"https:\/\/linitiative.ca\/International\/wp-json\/wp\/v2\/media?parent=115537"}],"wp:term":[{"taxonomy":"category","embeddable":true,"href":"https:\/\/linitiative.ca\/International\/wp-json\/wp\/v2\/categories?post=115537"},{"taxonomy":"post_tag","embeddable":true,"href":"https:\/\/linitiative.ca\/International\/wp-json\/wp\/v2\/tags?post=115537"}],"curies":[{"name":"wp","href":"https:\/\/api.w.org\/{rel}","templated":true}]}}