{"id":115538,"date":"2021-04-24T11:08:43","date_gmt":"2021-04-24T15:08:43","guid":{"rendered":"https:\/\/linitiative.ca\/International\/secteur-de-lelectricite-lue-veut-debloquer-le-plan-daction-pour-lefficacite-energetique\/"},"modified":"2021-04-24T11:08:43","modified_gmt":"2021-04-24T15:08:43","slug":"secteur-de-lelectricite-lue-veut-debloquer-le-plan-daction-pour-lefficacite-energetique","status":"publish","type":"post","link":"https:\/\/linitiative.ca\/International\/secteur-de-lelectricite-lue-veut-debloquer-le-plan-daction-pour-lefficacite-energetique\/","title":{"rendered":"Secteur de l\u2019\u00e9lectricit\u00e9 : l\u2019UE veut d\u00e9bloquer le plan d\u2019action pour l\u2019efficacit\u00e9 \u00e9nerg\u00e9tique"},"content":{"rendered":"<p>C\u2019est \u00e0 travers un accord-cadre de 17 milliards de FCFA sign\u00e9 entre l\u2019Union Europ\u00e9enne (UE) et le minist\u00e8re de l\u2019Economie, de la Planification et de l\u2019Am\u00e9nagement du territoire (Minepat) que le Dispositif d\u2019appui \u00e0 la comp\u00e9titivit\u00e9 du Cameroun (DACC) est mis en \u0153uvre dans sa composante 3 portant sur la normalisation et l\u2019efficacit\u00e9 \u00e9nerg\u00e9tique. Frapp\u00e9 par un d\u00e9ficit \u00e9nerg\u00e9tique estim\u00e9 \u00e0 50 Gw, la ma\u00eetrise limit\u00e9e de l\u2019efficacit\u00e9 \u00e9nerg\u00e9tique pouvant d\u00e9bouch\u00e9 sur un accroissement de l\u2019offre en \u00e9nergie reste une pr\u00e9occupation lancinante. Pour mieux cerner le concept, l\u2019Union Europ\u00e9enne, via la Sofreco, assistant technique du projet, a proc\u00e9d\u00e9 au renforcement des capacit\u00e9s du personnel de l\u2019Agence de r\u00e9gulation du secteur de l\u2019\u00e9lectricit\u00e9 (Arsel). Le s\u00e9minaire avait pour objectif principal, d\u2019apr\u00e8s Jean Yves Arrat, expert n\u00b03 du DACC, \u00abd\u2019acc\u00e9l\u00e9rer l\u2019appropriation des normes par les tr\u00e8s petites, petites et moyennes entreprises en vie d\u2019accro\u00eetre leur comp\u00e9titivit\u00e9, faire de l\u2019efficacit\u00e9 \u00e9nerg\u00e9tique un outil d\u2019am\u00e9lioration de la comp\u00e9titivit\u00e9 des tr\u00e8s petites, petites et moyennes entreprises\u00bb.<\/p>\n<p><strong>Lire aussi<\/strong> : <strong><a href=\"https:\/\/ecomatin.net\/energie-electrique-le-regulateur-arsel-menacee-de-sanctions-le-distributeur-eneo\/\">\u00c9nergie \u00e9lectrique : le r\u00e9gulateur Arsel menace de sanctions le distributeur Eneo<\/a><\/strong><\/p>\n<p>\u00c9taient associ\u00e9s aux travaux, des repr\u00e9sentants de l\u2019Agence des normes et de la qualit\u00e9 (Anor), du Minist\u00e8re de l\u2019eau et de l\u2019\u00e9nergie (Minee), et ceux de la Banque des \u00c9tats de l\u2019Afrique centrale (Beac). Jean Yves Arrat pr\u00e9cise la notion d\u2019efficacit\u00e9 \u00e9nerg\u00e9tique : \u00abla recherche du plus grand gain possible avec une quantit\u00e9 d\u00e9finie d\u2019\u00e9nergie ou la plus petite consommation d\u2019\u00e9nergie possible pour un service rendu identique\u00bb. Sont cibl\u00e9es, les domaines et syst\u00e8mes de r\u00e9seaux d\u2019\u00e9nergie (production, transport, distribution), l\u2019\u00e9clairage public et priv\u00e9, les b\u00e2timents (publics, logements, immeubles, bureaux etc\u2026), les transports (v\u00e9hicules), mat\u00e9riels et \u00e9quipements \u00e9lectriques, carburant, entreprises et industries. Pour Jean Pascal Nkou, le directeur g\u00e9n\u00e9ral de l\u2019Arsel, \u00able Cameroun doit mettre en vigueur son plan d\u2019action pour l\u2019efficacit\u00e9 \u00e9nerg\u00e9tique. La surconsommation est aujourd\u2019hui largement au-dessus des capacit\u00e9s d\u2019offre, et provoque un exc\u00e8s de demande. Les pertes techniques et non-techniques doivent \u00e9galement \u00eatre limit\u00e9es\u00bb.<\/p>\n<p><strong>Lire aussi<\/strong> : <strong><a href=\"https:\/\/ecomatin.net\/electricite-larsel-veut-alleger-les-procedures-pour-la-delivrance-des-titres-de-distribution\/\">Electricit\u00e9 : L\u2019Arsel veut all\u00e9ger les proc\u00e9dures pour la d\u00e9livrance des titres de distribution<\/a><\/strong><\/p>\n<p>Dans un rapport rendu public en juillet 2020, Eneo, le concessionnaire de la distribution de l\u2019\u00e9lectricit\u00e9 au Cameroun, d\u00e9plorait des pertes de 60 milliards de FCFA par an, du fait des pertes non-techniques (fraude). Finalis\u00e9 en 2014 et r\u00e9troc\u00e9d\u00e9 en 2017 au Minist\u00e8re de l\u2019eau et de l\u2019\u00e9nergie, le plan \u00e9voqu\u00e9 reste bloqu\u00e9 dans les tiroirs de ce Minist\u00e8re faute de validation, apprendra-t-on. Un plan pour l\u2019efficacit\u00e9 \u00e9nerg\u00e9tique au Cameroun pr\u00e9sente pourtant de nombreux avantages pour un \u00c9tat, indique l\u2019expert DACC: r\u00e9duire sa d\u00e9pendance aux importations de carburant, r\u00e9duire la pollution de l\u2019air et de l\u2019eau, augmenter la productivit\u00e9 des infrastructures \u00e9nerg\u00e9tiques, favoriser l\u2019acc\u00e8s \u00e0 l\u2019\u00e9nergie etc. Pour les entreprises, l\u2019efficacit\u00e9 \u00e9nerg\u00e9tique permet une utilisation judicieuse et efficace de l\u2019\u00e9nergie afin de maximiser leur comp\u00e9titivit\u00e9 (r\u00e9duction des co\u00fbts d\u2019exploitation et d\u2019entretien, augmentation de la disponibilit\u00e9 de l\u2019\u00e9nergie, optimisation des ressources, am\u00e9lioration des conditions de travail etc\u2026.). \u00abla d\u00e9marche requiert une politique nationale plurisectorielle fixant les orientations \u00e0 suivre, d\u00e9clin\u00e9e dans une strat\u00e9gie compl\u00e9t\u00e9e par un plan \u00e0 court, moyen et long terme adoss\u00e9 \u00e0 un programme de financement et d\u2019incitation \u00e0 l\u2019investissement\u00bb, a ajout\u00e9 Jean Yves Arrat.<\/p>\n<p><strong>Lire aussi<\/strong> : <strong><a href=\"https:\/\/ecomatin.net\/eneo-revendique-avoir-deja-installe-pres-de-100-000-compteurs-prepayes\/\">Eneo revendique d\u00e9j\u00e0 l\u2019installation de pr\u00e8s de 100 000 compteurs pr\u00e9pay\u00e9s<\/a><\/strong><\/p>\n<p>Au-del\u00e0 de la mise en \u0153uvre d\u2019un plan d\u2019actions pour l\u2019efficacit\u00e9 \u00e9nerg\u00e9tique au Cameroun, les acteurs r\u00e9unis \u00e0 Douala revendiquent par ailleurs un audit \u00e9nerg\u00e9tique au Cameroun. L\u2019Anor annonce toutefois, pour 2022, l\u2019homologation des premi\u00e8res normes camerounaises en mati\u00e8re d\u2019efficacit\u00e9 \u00e9nerg\u00e9tique. Lanc\u00e9 au Cameroun le 4 juin 2020, le DACC couvre une p\u00e9riode de 42 mois.<\/p>\n<p>Auteur: Georges Semey<br \/>\n<a href=\"https:\/\/ecomatin.net\/secteur-de-lelectricite-lue-veut-debloquer-le-plan-daction-pour-lefficacite-energetique\/\">Cliquez ici pour lire l&rsquo;article depuis sa source.<\/a><\/p>\n","protected":false},"excerpt":{"rendered":"<p>C\u2019est \u00e0 travers un accord-cadre de 17 milliards de FCFA sign\u00e9 entre l\u2019Union Europ\u00e9enne (UE) et le minist\u00e8re de l\u2019Economie, de la Planification et de l\u2019Am\u00e9nagement du territoire (Minepat) que le Dispositif d\u2019appui \u00e0 la comp\u00e9titivit\u00e9 du Cameroun (DACC) est mis en \u0153uvre dans sa composante 3 portant sur la normalisation et l\u2019efficacit\u00e9 \u00e9nerg\u00e9tique. Frapp\u00e9 [&hellip;]<\/p>\n","protected":false},"author":1969,"featured_media":0,"comment_status":"closed","ping_status":"closed","sticky":false,"template":"","format":"standard","meta":{"fifu_image_url":"","fifu_image_alt":"","footnotes":""},"categories":[82,78],"tags":[],"class_list":["post-115538","post","type-post","status-publish","format-standard","hentry","category-cameroun","category-economie"],"_links":{"self":[{"href":"https:\/\/linitiative.ca\/International\/wp-json\/wp\/v2\/posts\/115538","targetHints":{"allow":["GET"]}}],"collection":[{"href":"https:\/\/linitiative.ca\/International\/wp-json\/wp\/v2\/posts"}],"about":[{"href":"https:\/\/linitiative.ca\/International\/wp-json\/wp\/v2\/types\/post"}],"author":[{"embeddable":true,"href":"https:\/\/linitiative.ca\/International\/wp-json\/wp\/v2\/users\/1969"}],"replies":[{"embeddable":true,"href":"https:\/\/linitiative.ca\/International\/wp-json\/wp\/v2\/comments?post=115538"}],"version-history":[{"count":0,"href":"https:\/\/linitiative.ca\/International\/wp-json\/wp\/v2\/posts\/115538\/revisions"}],"wp:attachment":[{"href":"https:\/\/linitiative.ca\/International\/wp-json\/wp\/v2\/media?parent=115538"}],"wp:term":[{"taxonomy":"category","embeddable":true,"href":"https:\/\/linitiative.ca\/International\/wp-json\/wp\/v2\/categories?post=115538"},{"taxonomy":"post_tag","embeddable":true,"href":"https:\/\/linitiative.ca\/International\/wp-json\/wp\/v2\/tags?post=115538"}],"curies":[{"name":"wp","href":"https:\/\/api.w.org\/{rel}","templated":true}]}}