{"id":115540,"date":"2021-04-24T14:24:34","date_gmt":"2021-04-24T18:24:34","guid":{"rendered":"https:\/\/linitiative.ca\/International\/lutte-contre-les-accidents-de-la-route-un-nouveau-service-de-prise-en-charge-des-victimes-en-vue\/"},"modified":"2021-04-24T14:24:34","modified_gmt":"2021-04-24T18:24:34","slug":"lutte-contre-les-accidents-de-la-route-un-nouveau-service-de-prise-en-charge-des-victimes-en-vue","status":"publish","type":"post","link":"https:\/\/linitiative.ca\/International\/lutte-contre-les-accidents-de-la-route-un-nouveau-service-de-prise-en-charge-des-victimes-en-vue\/","title":{"rendered":"Lutte contre les accidents de la route : un nouveau service de prise en charge des victimes en vue"},"content":{"rendered":"<p>La prise en charge des personnes victimes d\u2019accidents est un param\u00e8tre essentiel dans la gestion des accidents de la circulation au Cameroun. Une attention particuli\u00e8re donc doit \u00eatre consacr\u00e9e. C\u2019est \u00a0\u00e0 cet effet, que le vendredi 23 avril 2021, \u00e0 la salle de conf\u00e9rence du ministre des Transports, le Directeur des transports routiers dudit d\u00e9partement minist\u00e9riel a pr\u00e9sid\u00e9 la r\u00e9union de concertation sur le projet\u00a0\u00ab assistance aux passagers du transport routier (Avtr)\u00a0\u00bb. Cette r\u00e9union avait pour objectif de pr\u00e9senter le projet\u00a0 aux administrations en charge de l\u2019op\u00e9rationnalisation dudit instrument, dans le but de recueillir les \u00a0avis et contributions pour une meilleure structuration de l\u2019outil.\u00a0<\/p>\n<p><strong>Lire aussi<\/strong> : <strong><a href=\"https:\/\/ecomatin.net\/les-accidents-de-la-route-baissent-de-5651-entres-2011-et-2019-au-cameroun\/\">Les accidents de la route baissent de 56,51% entre 2011 et 2019 au Cameroun<\/a><\/strong><\/p>\n<p>Cette initiative du Mintransports, s\u2019inscrit en droite ligne du cinqui\u00e8me pilier de l\u2019ONU, sur la s\u00e9curit\u00e9 routi\u00e8re, d\u2019une part et sur \u00a0la nouvelle strat\u00e9gie nationale de la s\u00e9curit\u00e9 routi\u00e8re d\u2019autre part.\u00a0 Il aura pour but de renforcer les services d\u2019urgence et les syst\u00e8mes de sauvetage des accident\u00e9s. Il sera question ici d\u2019un moyen de collecte et de traitement des donn\u00e9es sur les accidents de la route, et \u00a0aussi d\u2019un outil d\u2019aide \u00e0 la prise de d\u00e9cisions et \u00e0 la mise en \u0153uvre des politiques dans la lutte contre les accidents de circulation.\u00a0\u00ab Le service Avtr est un concept de l\u2019h\u00f4pital de la paix de Maroua, qui consiste \u00e0 fournir une assistance aux victimes d\u2019accidents de la route. Le service a \u00e9t\u00e9 d\u00e9velopp\u00e9 pour garantir la s\u00e9curit\u00e9 des passagers, ainsi que leur gestion efficace en cas d\u2019accident, par un corps m\u00e9dical et des services de s\u00e9curit\u00e9 sp\u00e9cialis\u00e9\u00a0\u00bb, fait savoir les services du minist\u00e8re des Transports. A l\u2019issue des travaux, il a \u00e9t\u00e9 recommand\u00e9 des r\u00e9unions sectorielles se tiennent avec chaque administration impliqu\u00e9e pour affiner le projet et de d\u00e9finir uns strat\u00e9gique d\u2019op\u00e9rationnalisation selon les diff\u00e9rentes localit\u00e9s du Cameroun.<\/p>\n<p><strong>Lire aussi<\/strong> : <strong><a href=\"https:\/\/ecomatin.net\/rentree-parlementaire-la-doyenne-dage-interpelle-le-gouvernement-sur-les-accidents-de-circulation\/\">Rentr\u00e9e parlementaire : la doyenne d\u2019\u00e2ge interpelle le gouvernement sur les accidents de circulation<\/a><\/strong><\/p>\n<p>Pour m\u00e9moire, les donn\u00e9es fournies par le ministre des transports Ngalle Bibehe lors d\u2019une s\u00e9ance pl\u00e9ni\u00e8re sp\u00e9ciale sur la s\u00e9curit\u00e9 routi\u00e8re en mars dernier, il faisait savoir que l\u2019on est pass\u00e9 de 3 525 accidents et 1 588 personnes tu\u00e9es en 2011 \u00e0 1 533 accidents et 627 personnes tu\u00e9es en 2019.<\/p>\n<p>Auteur: Amina MALLOUM<br \/>\n<a href=\"https:\/\/ecomatin.net\/lutte-contre-les-accidents-de-la-route-un-nouveau-service-de-prise-en-charge-des-victimes-en-vue\/\">Cliquez ici pour lire l&rsquo;article depuis sa source.<\/a><\/p>\n","protected":false},"excerpt":{"rendered":"<p>La prise en charge des personnes victimes d\u2019accidents est un param\u00e8tre essentiel dans la gestion des accidents de la circulation au Cameroun. Une attention particuli\u00e8re donc doit \u00eatre consacr\u00e9e. C\u2019est \u00a0\u00e0 cet effet, que le vendredi 23 avril 2021, \u00e0 la salle de conf\u00e9rence du ministre des Transports, le Directeur des transports routiers dudit d\u00e9partement [&hellip;]<\/p>\n","protected":false},"author":1969,"featured_media":0,"comment_status":"closed","ping_status":"closed","sticky":false,"template":"","format":"standard","meta":{"fifu_image_url":"","fifu_image_alt":"","footnotes":""},"categories":[82,78],"tags":[],"class_list":["post-115540","post","type-post","status-publish","format-standard","hentry","category-cameroun","category-economie"],"_links":{"self":[{"href":"https:\/\/linitiative.ca\/International\/wp-json\/wp\/v2\/posts\/115540","targetHints":{"allow":["GET"]}}],"collection":[{"href":"https:\/\/linitiative.ca\/International\/wp-json\/wp\/v2\/posts"}],"about":[{"href":"https:\/\/linitiative.ca\/International\/wp-json\/wp\/v2\/types\/post"}],"author":[{"embeddable":true,"href":"https:\/\/linitiative.ca\/International\/wp-json\/wp\/v2\/users\/1969"}],"replies":[{"embeddable":true,"href":"https:\/\/linitiative.ca\/International\/wp-json\/wp\/v2\/comments?post=115540"}],"version-history":[{"count":0,"href":"https:\/\/linitiative.ca\/International\/wp-json\/wp\/v2\/posts\/115540\/revisions"}],"wp:attachment":[{"href":"https:\/\/linitiative.ca\/International\/wp-json\/wp\/v2\/media?parent=115540"}],"wp:term":[{"taxonomy":"category","embeddable":true,"href":"https:\/\/linitiative.ca\/International\/wp-json\/wp\/v2\/categories?post=115540"},{"taxonomy":"post_tag","embeddable":true,"href":"https:\/\/linitiative.ca\/International\/wp-json\/wp\/v2\/tags?post=115540"}],"curies":[{"name":"wp","href":"https:\/\/api.w.org\/{rel}","templated":true}]}}