{"id":115545,"date":"2021-04-25T10:10:01","date_gmt":"2021-04-25T14:10:01","guid":{"rendered":"https:\/\/linitiative.ca\/International\/un-ramadan-pas-comme-les-autres\/"},"modified":"2021-04-25T10:10:01","modified_gmt":"2021-04-25T14:10:01","slug":"un-ramadan-pas-comme-les-autres","status":"publish","type":"post","link":"https:\/\/linitiative.ca\/International\/un-ramadan-pas-comme-les-autres\/","title":{"rendered":"Un Ramadan pas comme les autres"},"content":{"rendered":"<figure class=\"post-thumbnail\" itemprop=\"associatedMedia\" itemscope=\"itemscope\" itemtype=\"http:\/\/schema.org\/ImageObject\"><img decoding=\"async\" class=\"post_layout_5_img\" src=\"http:\/\/aujourdhui.ma\/wp-content\/uploads\/2021\/04\/Ramadan-dates.jpg\" alt=\"Un Ramadan pas comme les autres\"\/><\/figure>\n<figure id=\"attachment_345687\" class=\"wp-caption alignleft c7\"><a href=\"https:\/\/aujourdhui.ma\/wp-content\/uploads\/2020\/05\/Dr-Imane-Kendili-1.jpg\"><img decoding=\"async\" loading=\"lazy\" class=\"size-thumbnail wp-image-345687\" src=\"http:\/\/aujourdhui.ma\/wp-content\/uploads\/2020\/05\/Dr-Imane-Kendili-1-150x150.jpg\" alt=\"\" width=\"150\" height=\"150\" srcset=\"http:\/\/aujourdhui.ma\/wp-content\/uploads\/2020\/05\/Dr-Imane-Kendili-1-150x150.jpg 150w, \/\/aujourdhui.ma\/wp-content\/uploads\/2020\/05\/Dr-Imane-Kendili-1-36x36.jpg 36w\" sizes=\"auto, (max-width: 150px) 100vw, 150px\"\/><\/a><figcaption class=\"wp-caption-text\">Par Dr Imane Kendili<br \/>Psychiatre-addictologue<\/figcaption><\/figure>\n<p><strong>\u00abLa vie, qui a en partage la temp\u00e9rance, le courage, la sagesse, ou la sant\u00e9, est plus agr\u00e9able que celle o\u00f9 se trouvent l\u2019intemp\u00e9rance, la l\u00e2chet\u00e9, la folie ou la maladie\u00bb<\/strong><span id=\"more-374680\"\/>ette premi\u00e8re semaine de Ramadan s\u2019ach\u00e8ve sur un bilan assez particulier quant \u00e0 la responsabilit\u00e9 citoyenne. Plusieurs sorties cette premi\u00e8re semaine dans plusieurs villes du Royaume indiquent une certaine tension sociale, dans quelques groupes extr\u00e9mistes de plusieurs villes.<br \/>Ramadan est un mois sacr\u00e9, un mois particulier de p\u00e9nitence, de repentir, de pri\u00e8re, de s\u00e9r\u00e9nit\u00e9 et de spiritualit\u00e9. Un mois \u00e9galement de partage, un mois o\u00f9 le je\u00fbne nous rapproche de l\u2019humain, du ressenti de la frustration des plus d\u00e9munis. Le mois de Ramadan est un mois de paix. La paix, malgr\u00e9 les explications des professionnels de la sant\u00e9, malgr\u00e9 l\u2019h\u00e9catombe europ\u00e9enne, malgr\u00e9 le parcours exemplaire de la gestion Covid marocaine, n\u2019aura pas dur\u00e9 longtemps.<\/p>\n<p>Se recentrer sur soi et vivre sa spiritualit\u00e9 dans la frugalit\u00e9 sociale est fort difficile pour le Marocain. Tout y est pour un Ramadan serein. Le couvre-feu est cl\u00e9ment et salvateur: 20 heures .Soit une heure apr\u00e8s le ftour. Le Maroc ne manque pas pourtant. Les souks et les supermarch\u00e9s croulent de denr\u00e9es alimentaires. La course aux courses bat son plein. Si les restaurants sont ferm\u00e9s, ils vous livrent dans un confort absolu jusqu\u2019\u00e0 20 heures. Entre sandwicheries, mignardises, glaces revisit\u00e9es, sushis bigarr\u00e9s et grillades ou friture de poissons, les applications et les r\u00e9seaux sociaux d\u00e9filent en orgies culinaires, \u00e9tal\u00e9es et jouissives. Les queues dans les p\u00e2tisseries sont ind\u00e9centes. Prenez commande de vos burgers revisit\u00e9s ou plateaux libanais car vous pourriez en manquer !<\/p>\n<p>Et surtout, gardez la couleur locale. Chebakiya diverses, briouates, selou aux amandes, pistaches, au caramel et pour tous les prix. Assez grotesque car pour un m\u00eame selou, les prix oscilleront de 120 DH le kilo \u00e0 1200 dirhams le kilo pour un selou au chocolat valrhona. Si la Covid frustre les espaces, elle d\u00e9nigre les r\u00e9alit\u00e9s. On se rue \u00e0 se remplir dans la peur de manquer ! Manquer !<br \/>La gestion du manque. La gestion de la frustration. Les difficult\u00e9s de la soci\u00e9t\u00e9 \u00e0 g\u00e9rer sa frustration de manquer de consommer. Repus, nous essayons d\u2019\u00eatre pr\u00e9venants au maximum. Le ma\u00eetre mot est de tout avoir avant le couvre-feu.<br \/>Dans le mot \u00abtout\u00bb, il y a de quoi faire!<\/p>\n<p>Sans oublier que dans un \u00e9lan de solidarit\u00e9 ramadenesque, le panier est de mise. Si le mien peut co\u00fbter cher, je peux compter sur des bienfaiteurs pour s\u2019occuper de paniers de 300 \u00e0 500 dirhams dans une totale discr\u00e9tion ; si ce ne sont pas les photos des paniers largement diffus\u00e9s sur les r\u00e9seaux sociaux. Dans cet \u00e9lan de compassion, vous avez \u00e9galement un service VIP \u00e0 la carte. Tout est fait \u00e0 vous aider \u00e0 \u00eatre g\u00e9n\u00e9reux pendant Ramadan, et vous faire prendre de bons points pour l\u2019au-del\u00e0. Bien en de\u00e7\u00e0 de ce que vous imaginez, un simple num\u00e9ro WhatsApp ,o\u00f9 vous envoyez votre nombre de paniers, et les num\u00e9ros de carte d\u2019identit\u00e9 des personnes que vous avez d\u00e9cid\u00e9 d\u2019aider. Puis un virement vite fait, bien fait. Tenez vous bien ! Toujours en pianotant sur votre smartphone ! Bien lov\u00e9 dans votre si\u00e8ge, un bon verre de th\u00e9 \u00e0 la main, devant une s\u00e9rie sp\u00e9cial Ramadan. Tout est pens\u00e9 et pr\u00e9vu pour vous. A la carte. Le don. Le panier ne n\u00e9cessite plus d\u2019\u00e9nergie et encore moins d\u2019investissement personnel. Votre confort s\u2019ach\u00e8te. Et le confort des g\u00e9n\u00e9reuses personnes qui s\u2019occupent des paniers reste \u00e0 plaindre. Que cherche-t-on \u00e0 qu\u00e9rir?<br \/>Aider, donner, partager ne peuvent-ils pas se faire spontan\u00e9ment et sans autant de bruit ?<br \/>Le silence. La s\u00e9r\u00e9nit\u00e9. La qui\u00e9tude. L\u2019\u00e9quilibre ou sa qu\u00eate seraient les protagonistes principaux d\u2019un mois de pi\u00e9t\u00e9 et d\u2019expiation.<br \/>Mais alors, Ramadan est-il encore Ramadan?<br \/>La course aux courses boucl\u00e9e, c\u2019est la d\u00e9ferlante d\u2019irritabilit\u00e9, d\u2019impulsivit\u00e9 et de col\u00e8re qui envoyait nos rues. Les klaxons fusent \u00e0 l\u2019unisson. Les voies a\u00e9riennes \u00e9tant ferm\u00e9es, nos feux rouges bond\u00e9s, nous restons dans l\u2019attente d\u2019un miracle ramadanesque qui ferait \u00e9viter les voitures au nombre de coups de klaxons et nous permettrait qui sait ? De parvenir \u00e0 destination \u00e0 vol d\u2019oiseau \u00e0 coups de klaxons. La magie. La magie du mois de Ramadan. Les effluves et les miasmes ramadanesques ont laiss\u00e9 place \u00e0 des mosqu\u00e9es \u00e0 ciel ouvert o\u00f9 la pri\u00e8re se fait malgr\u00e9 le couvre-feu.<br \/>Des miasmes rapidement balay\u00e9es par la sueur naus\u00e9abonde de l\u2019ennui et le subterfuge de l\u2019irresponsabilit\u00e9.<br \/>Le couvre-feu n\u2019a gu\u00e8re \u00e9t\u00e9 mis en place pour nous emp\u00eacher de vivre la magie sereine du mois sacr\u00e9, mais pour \u00e9viter l\u2019h\u00e9catombe calme de la multiplication des cas de la Covid \u00e0 l\u2019inconscience ritualis\u00e9e de nos habitudes ramadanesques, ou il y a encore deux ann\u00e9es de cela, nous vivions les uns sur les autres.<br \/>Dur \u00e0 comprendre !<br \/>Dur \u00e0 assimiler !<br \/>Dur \u00e0 accepter !<br \/>Mais se prot\u00e9ger d\u2019une troisi\u00e8me vague passe par la distanciation et les mesures sanitaires de pr\u00e9vention. Et ce, malgr\u00e9 une vaccination en force.<br \/>Ces manifestations fort peu conscientes font pol\u00e9mique. Les rumeurs gagnent du terrain. On entend dire que la r\u00e9ouverture est proche. Que le caf\u00e9 post-taraouih sera bient\u00f4t possible jusqu\u2019\u00e0 minuit pour certains , ou 1h du matin pour d\u2019autres. Que les djellabas de premi\u00e8re n\u00e9cessit\u00e9 pourront parader \u00e0 la recherche du p\u00e9ch\u00e9 n\u00e9cessaire d\u2019apr\u00e8s l\u2019A\u00efd \u00e0 expier Ramadan prochain.<br \/>Que de difficult\u00e9s devant des choses pourtant simple ? Aider son prochain ou vivre sa spiritualit\u00e9 n\u2019ont jamais \u00e9t\u00e9 aussi fastidieux.<br \/>L\u2019Autre est n\u00e9cessaire. La promiscuit\u00e9 et fleureter avec le danger sont plus recherch\u00e9s que l\u2019\u00e9quilibre et la qui\u00e9tude.<br \/>Toujours cette intol\u00e9rance \u00e0 la frustration et cette perte de contr\u00f4le qui nous font oublier l\u2019origine et les valeurs du mois sacr\u00e9.<br \/>La conclusion est simple. Nous sommes tous malades.<\/p>\n<p>Auteur: ALM<br \/>\n<a href=\"https:\/\/aujourdhui.ma\/chroniques\/un-ramadan-pas-comme-les-autres\">Cliquez ici pour lire l&rsquo;article depuis sa source.<\/a><\/p>\n","protected":false},"excerpt":{"rendered":"<p>Par Dr Imane KendiliPsychiatre-addictologue \u00abLa vie, qui a en partage la temp\u00e9rance, le courage, la sagesse, ou la sant\u00e9, est plus agr\u00e9able que celle o\u00f9 se trouvent l\u2019intemp\u00e9rance, la l\u00e2chet\u00e9, la folie ou la maladie\u00bbette premi\u00e8re semaine de Ramadan s\u2019ach\u00e8ve sur un bilan assez particulier quant \u00e0 la responsabilit\u00e9 citoyenne. Plusieurs sorties cette premi\u00e8re semaine [&hellip;]<\/p>\n","protected":false},"author":1759,"featured_media":0,"comment_status":"closed","ping_status":"closed","sticky":false,"template":"","format":"standard","meta":{"fifu_image_url":"http:\/\/aujourdhui.ma\/wp-content\/uploads\/2021\/04\/Ramadan-dates.jpg","fifu_image_alt":"Un Ramadan pas comme les autres","footnotes":""},"categories":[73,54],"tags":[],"class_list":["post-115545","post","type-post","status-publish","format-standard","hentry","category-actualite","category-maroc"],"_links":{"self":[{"href":"https:\/\/linitiative.ca\/International\/wp-json\/wp\/v2\/posts\/115545","targetHints":{"allow":["GET"]}}],"collection":[{"href":"https:\/\/linitiative.ca\/International\/wp-json\/wp\/v2\/posts"}],"about":[{"href":"https:\/\/linitiative.ca\/International\/wp-json\/wp\/v2\/types\/post"}],"author":[{"embeddable":true,"href":"https:\/\/linitiative.ca\/International\/wp-json\/wp\/v2\/users\/1759"}],"replies":[{"embeddable":true,"href":"https:\/\/linitiative.ca\/International\/wp-json\/wp\/v2\/comments?post=115545"}],"version-history":[{"count":0,"href":"https:\/\/linitiative.ca\/International\/wp-json\/wp\/v2\/posts\/115545\/revisions"}],"wp:attachment":[{"href":"https:\/\/linitiative.ca\/International\/wp-json\/wp\/v2\/media?parent=115545"}],"wp:term":[{"taxonomy":"category","embeddable":true,"href":"https:\/\/linitiative.ca\/International\/wp-json\/wp\/v2\/categories?post=115545"},{"taxonomy":"post_tag","embeddable":true,"href":"https:\/\/linitiative.ca\/International\/wp-json\/wp\/v2\/tags?post=115545"}],"curies":[{"name":"wp","href":"https:\/\/api.w.org\/{rel}","templated":true}]}}