{"id":115546,"date":"2021-04-25T10:41:38","date_gmt":"2021-04-25T14:41:38","guid":{"rendered":"https:\/\/linitiative.ca\/International\/jamaa-el-fna-agonise\/"},"modified":"2021-04-25T10:41:38","modified_gmt":"2021-04-25T14:41:38","slug":"jamaa-el-fna-agonise","status":"publish","type":"post","link":"https:\/\/linitiative.ca\/International\/jamaa-el-fna-agonise\/","title":{"rendered":"Jamaa El Fna agonise"},"content":{"rendered":"<header>\n<\/header>\n<div class=\"entry-content clearfix\" readability=\"39\">\n<figure class=\"post-thumbnail\" itemprop=\"associatedMedia\" itemscope=\"itemscope\" itemtype=\"http:\/\/schema.org\/ImageObject\"><img decoding=\"async\" class=\"post_layout_5_img\" src=\"http:\/\/aujourdhui.ma\/wp-content\/uploads\/2021\/04\/jamaa-lfena.jpg\" alt=\"Jamaa El Fna agonise\"\/><\/figure>\n<p><span class=\"c7\"><strong>Jamaa El Fna, cette place ancestrale de la ville de Marrakech agonise.<\/strong><\/span> <span id=\"more-374762\"\/><\/p>\n<p><iframe loading=\"lazy\" title=\"Jamaa El Fna agonise\" width=\"1000\" height=\"563\" src=\"https:\/\/www.youtube.com\/embed\/8FdR4vNARRY?feature=oembed\" frameborder=\"0\" allow=\"accelerometer; autoplay; clipboard-write; encrypted-media; gyroscope; picture-in-picture\" allowfullscreen=\"allowfullscreen\">[embedded content]<\/iframe><\/p>\n<p>Les restrictions impos\u00e9es suite \u00e0 la crise sanitaire font perdre \u00e0 ce patrimoine immat\u00e9riel du Maroc son \u00e9clat. La place est d\u00e9serte et ses visiteurs nationaux et internationaux se font rares. Malgr\u00e9 la complexit\u00e9 de la conjoncture, les occupants de la place gardent foi et aspirent \u00e0 un retour rapide \u00e0 la normale. Reportage<\/p>\n<\/div>\n<p>Auteur: ALM<br \/>\n<a href=\"https:\/\/aujourdhui.ma\/videos\/jamaa-el-fna-agonise\">Cliquez ici pour lire l&rsquo;article depuis sa source.<\/a><\/p>\n","protected":false},"excerpt":{"rendered":"<p>Jamaa El Fna, cette place ancestrale de la ville de Marrakech agonise. [embedded content] Les restrictions impos\u00e9es suite \u00e0 la crise sanitaire font perdre \u00e0 ce patrimoine immat\u00e9riel du Maroc son \u00e9clat. La place est d\u00e9serte et ses visiteurs nationaux et internationaux se font rares. Malgr\u00e9 la complexit\u00e9 de la conjoncture, les occupants de la [&hellip;]<\/p>\n","protected":false},"author":1759,"featured_media":0,"comment_status":"closed","ping_status":"closed","sticky":false,"template":"","format":"standard","meta":{"fifu_image_url":"http:\/\/aujourdhui.ma\/wp-content\/uploads\/2021\/04\/jamaa-lfena.jpg","fifu_image_alt":"Jamaa El Fna agonise","footnotes":""},"categories":[73,54],"tags":[],"class_list":["post-115546","post","type-post","status-publish","format-standard","hentry","category-actualite","category-maroc"],"_links":{"self":[{"href":"https:\/\/linitiative.ca\/International\/wp-json\/wp\/v2\/posts\/115546","targetHints":{"allow":["GET"]}}],"collection":[{"href":"https:\/\/linitiative.ca\/International\/wp-json\/wp\/v2\/posts"}],"about":[{"href":"https:\/\/linitiative.ca\/International\/wp-json\/wp\/v2\/types\/post"}],"author":[{"embeddable":true,"href":"https:\/\/linitiative.ca\/International\/wp-json\/wp\/v2\/users\/1759"}],"replies":[{"embeddable":true,"href":"https:\/\/linitiative.ca\/International\/wp-json\/wp\/v2\/comments?post=115546"}],"version-history":[{"count":0,"href":"https:\/\/linitiative.ca\/International\/wp-json\/wp\/v2\/posts\/115546\/revisions"}],"wp:attachment":[{"href":"https:\/\/linitiative.ca\/International\/wp-json\/wp\/v2\/media?parent=115546"}],"wp:term":[{"taxonomy":"category","embeddable":true,"href":"https:\/\/linitiative.ca\/International\/wp-json\/wp\/v2\/categories?post=115546"},{"taxonomy":"post_tag","embeddable":true,"href":"https:\/\/linitiative.ca\/International\/wp-json\/wp\/v2\/tags?post=115546"}],"curies":[{"name":"wp","href":"https:\/\/api.w.org\/{rel}","templated":true}]}}