{"id":115548,"date":"2021-04-25T07:33:38","date_gmt":"2021-04-25T11:33:38","guid":{"rendered":"https:\/\/linitiative.ca\/International\/%ef%bb%bfles-medias-et-le-dialogue-des-cultures-quel-impact\/"},"modified":"2021-04-25T07:33:38","modified_gmt":"2021-04-25T11:33:38","slug":"%ef%bb%bfles-medias-et-le-dialogue-des-cultures-quel-impact","status":"publish","type":"post","link":"https:\/\/linitiative.ca\/International\/%ef%bb%bfles-medias-et-le-dialogue-des-cultures-quel-impact\/","title":{"rendered":"\ufeffLes m\u00e9dias et le dialogue des cultures: Quel impact?"},"content":{"rendered":"<p class=\"has-text-color has-vivid-red-color c1\"><strong>Tribune libre<\/strong><\/p>\n<p class=\"c2\"><strong>Par Youssef ASSOUNA<\/strong><\/p>\n<p class=\"has-text-color has-vivid-cyan-blue-color\">D<strong>epuis des mill\u00e9naires, le monde a toujours \u00e9t\u00e9 t\u00e9moin de conflits internationaux, aussi bien militaires qu\u2019\u00e9conomiques, r\u00e9sultant du d\u00e9sir de chaque syst\u00e8me politique de dominer les autres et leur imposer son opportunisme suivant son propre agenda.<\/strong><\/p>\n<p>Cette rivalit\u00e9 cr\u00e9e un grand d\u00e9fi mena\u00e7ant tous les pays, toutes les cultures et tous les peuples. Une \u00e9lite d\u2019intellectuels de diff\u00e9rents pays s\u2019est int\u00e9ress\u00e9e express\u00e9ment \u00e0 ce probl\u00e8me dans le but de trouver des solutions appropri\u00e9es qui att\u00e9nueront les grands diff\u00e9rences et renforceront les liens d\u2019interaction entre les peuples. Leurs recherches aboutissent \u00e0 la consid\u00e9ration du dialogue culturel comme \u00e9tant la seule alternative pouvant constituer l\u2019\u00e9l\u00e9ment de base sur lequel se fonde la culturalit\u00e9 et l\u2019interculturalit\u00e9; celle-ci ressuscitera les liens culturels au service de l\u2019humanit\u00e9 toute enti\u00e8re.<\/p>\n<p>Il faut en profiter et l\u2019exploiter de mani\u00e8re positive au b\u00e9n\u00e9fice des peuples en am\u00e9liorant le progr\u00e8s scientifique et le mode de vie des individus. Il est certain que le dialogue culturel joue un r\u00f4le important dans la communication \u00e9ducative et morale visant l\u2019instruction des hommes et invite \u00e0 la tol\u00e9rance et \u00e0 l\u2019\u00e9radiquation de la haine et du racisme. Le dialogue culturel agit dans le but de faire conna\u00eetre la culture de l\u2019autre, ses symboles religieux, ses us et coutumes, ses croyances\u2026 etc.<\/p>\n<p>Le dialogue en tant qu\u2019action culturelle, intellectuelle de connaissances et de capacit\u00e9 peut \u00eatre consid\u00e9rer comme l\u2019unique voie et la solution exemplaire pour cr\u00e9er un espace humain tol\u00e9rant et une soci\u00e9t\u00e9 universelle exempte de toute forme de refus, de domination, d\u2019exploitation. Ce qui permettra d\u2019\u00e9tablir un syst\u00e8me humain mondialis\u00e9 ouvert sur toutes les cat\u00e9gories et sur lequel tr\u00f4ne l\u2019amour, la tol\u00e9rance et le respect de la diversit\u00e9 culturelle et sociale. Nous ne pouvons pas nier que le dialogue culturel se r\u00e9alise voie m\u00e9diatique qui a la facult\u00e9 d\u2019organiser des \u00e9changes interculturels et civilisationnels poss\u00e9dant les moyens techniques, m\u00e9thodiques et artistiques objectifs, \u00e0 travers les programmes socioculturels. Nous citons pour exemple certains programmes fran\u00e7ais op\u00e9rant dans la propagation de la culture fran\u00e7aise par le biais de la religion, allant au del\u00e0 de l\u2019image mod\u00e8le h\u00e9rit\u00e9e et des pr\u00e9jug\u00e9s. Ce qui renforcerait la tol\u00e9rance dans le respect de la diff\u00e9rence.<\/p>\n<p>Ces programmes dispensent les services et accessoires sp\u00e9cifiques \u00e0 l\u2019apprentissage des langues par internet. Le dialogue culturel peut \u00e9galement \u00e9tayer les efforts d\u00e9ploy\u00e9s par les biblioth\u00e9caires internautes dans le cadre de l\u2019adaptation aux progr\u00e8s technologiques. Il peut aussi intervenir dans la num\u00e9risation et la r\u00e9novation du r\u00f4le du cin\u00e9ma par un ensemble de programmes d\u2019activit\u00e9s culturelles et formatives. Le festival international du cin\u00e9ma \u00e0 Cannes en est une preuve vivante. Il vise \u00e0 instaurer une culture commune \u00e0 laquelle peuvent participer tous les cr\u00e9ateurs cin\u00e9matographiques\u00a0 pour d\u00e9velopper leurs instruments de production. Ce festival est aussi l\u2019occasion d\u2019exporter des exp\u00e9riences dans le domaine de l\u2019enseignement, de la culture et de la langue, et participer, gr\u00e2ce \u00e0 ses connaissances, \u00e0 am\u00e9liorer le champ culturel et artistique en France et ailleurs.<\/p>\n<p>Si telle est la situation culturelle au niveau mondial, qu\u2019en est-il au niveau local, national?<\/p>\n<p>Consid\u00e9rant ce qui pr\u00e9c\u00e8de comme b\u00e9n\u00e9fique et occasion de compr\u00e9hension au moment o\u00f9 prolif\u00e8rent les guerres intestines et l\u2019atteinte \u00e0 la dignit\u00e9 et aux droits de l\u2019homme, les parties responsables doivent insister sur la n\u00e9cessit\u00e9 d\u2019\u00e9changes de communication et de dialogue culturel instructif, par voie des m\u00e9dias et organisation des ateliers, rencontres et congr\u00e8s internationaux, pour ce qu\u2019ils peuvent apporter de force n\u00e9cessaire \u00e0 att\u00e9nuer les causes des conflits interculturels et faire de ces diversit\u00e9s une \u00e2me positive au service de l\u2019humanit\u00e9 toute enti\u00e8re, sans discrimination, pour pr\u00e9server les droits des individus, respecter leur dignit\u00e9 et att\u00e9nuer l\u2019ardeur des conflits entre les peuples. Les responsables doivent \u00e9galement agir positivement pour propager la paix dans le monde.<\/p>\n<p>La culture est le pilier central des civilisations. Alors qui nous emp\u00eache d\u2019emprunter quotidiennement cette voie ? Puisqu\u2019il s\u2019av\u00e8re que le dialogue est le garant infaillible de la diversit\u00e9 culturelle et de progr\u00e8s des soci\u00e9t\u00e9s humaines.<\/p>\n<p>Si le dialogue n\u2019\u00e9radique pas les diff\u00e9rences, il doit, au moins, les att\u00e9nuer et rapprocher les points de vue. Ce qui emp\u00eache les\u00a0 de s\u2019entretuer et les rivalit\u00e9s interculturelles de prolif\u00e9rer. Il fonderait les piliers de l\u2019\u00e9quilibre et la tol\u00e9rance entre les peuples afin de r\u00e9aliser une humanit\u00e9 harmonis\u00e9e, sans heurts, sans jalousie et sans guerre.<\/p>\n<p>Ne dit-on pas: \u00absemez la paix entre vous, \u00e9difiez le dialogue entre vous?\u00bb<\/p>\n<p>Auteur: M&rsquo;hammed rahal<br \/>\n<a href=\"http:\/\/albayane.press.ma\/%EF%BB%BFles-medias-et-le-dialogue-des-cultures-quel-impact.html\">Cliquez ici pour lire l&rsquo;article depuis sa source.<\/a><\/p>\n","protected":false},"excerpt":{"rendered":"<p>Tribune libre Par Youssef ASSOUNA Depuis des mill\u00e9naires, le monde a toujours \u00e9t\u00e9 t\u00e9moin de conflits internationaux, aussi bien militaires qu\u2019\u00e9conomiques, r\u00e9sultant du d\u00e9sir de chaque syst\u00e8me politique de dominer les autres et leur imposer son opportunisme suivant son propre agenda. Cette rivalit\u00e9 cr\u00e9e un grand d\u00e9fi mena\u00e7ant tous les pays, toutes les cultures et [&hellip;]<\/p>\n","protected":false},"author":1760,"featured_media":0,"comment_status":"closed","ping_status":"closed","sticky":false,"template":"","format":"standard","meta":{"fifu_image_url":"","fifu_image_alt":"","footnotes":""},"categories":[73,54],"tags":[],"class_list":["post-115548","post","type-post","status-publish","format-standard","hentry","category-actualite","category-maroc"],"_links":{"self":[{"href":"https:\/\/linitiative.ca\/International\/wp-json\/wp\/v2\/posts\/115548","targetHints":{"allow":["GET"]}}],"collection":[{"href":"https:\/\/linitiative.ca\/International\/wp-json\/wp\/v2\/posts"}],"about":[{"href":"https:\/\/linitiative.ca\/International\/wp-json\/wp\/v2\/types\/post"}],"author":[{"embeddable":true,"href":"https:\/\/linitiative.ca\/International\/wp-json\/wp\/v2\/users\/1760"}],"replies":[{"embeddable":true,"href":"https:\/\/linitiative.ca\/International\/wp-json\/wp\/v2\/comments?post=115548"}],"version-history":[{"count":0,"href":"https:\/\/linitiative.ca\/International\/wp-json\/wp\/v2\/posts\/115548\/revisions"}],"wp:attachment":[{"href":"https:\/\/linitiative.ca\/International\/wp-json\/wp\/v2\/media?parent=115548"}],"wp:term":[{"taxonomy":"category","embeddable":true,"href":"https:\/\/linitiative.ca\/International\/wp-json\/wp\/v2\/categories?post=115548"},{"taxonomy":"post_tag","embeddable":true,"href":"https:\/\/linitiative.ca\/International\/wp-json\/wp\/v2\/tags?post=115548"}],"curies":[{"name":"wp","href":"https:\/\/api.w.org\/{rel}","templated":true}]}}