{"id":115549,"date":"2021-04-25T08:51:12","date_gmt":"2021-04-25T12:51:12","guid":{"rendered":"https:\/\/linitiative.ca\/International\/lancement-dun-guichet-en-ligne\/"},"modified":"2021-04-25T08:51:12","modified_gmt":"2021-04-25T12:51:12","slug":"lancement-dun-guichet-en-ligne","status":"publish","type":"post","link":"https:\/\/linitiative.ca\/International\/lancement-dun-guichet-en-ligne\/","title":{"rendered":"Lancement d\u2019un guichet en ligne"},"content":{"rendered":"<p class=\"has-text-color has-vivid-red-color c1\"><strong>Elections des d\u00e9l\u00e9gu\u00e9s des salari\u00e9s<\/strong><\/p>\n<p class=\"has-text-color c2\"><em>Le minist\u00e8re du Travail et de l\u2019Insertion professionnelle a annonc\u00e9, vendredi, le lancement d\u2019un guichet en ligne sp\u00e9cial pour les \u00e9lections des d\u00e9l\u00e9gu\u00e9s des salari\u00e9s du secteur priv\u00e9, via son site institutionnel https:\/\/www.travail.gov.ma, dans le cadre des missions et responsabilit\u00e9s qui lui ont \u00e9t\u00e9 confi\u00e9es en mati\u00e8re de suivi et d\u2019accompagnement de ces \u00e9ch\u00e9ances.<\/em><\/p>\n<p>Le minist\u00e8re a pr\u00e9cis\u00e9, dans un communiqu\u00e9, que ce guichet comprend, en plus du cadre juridique r\u00e9gissant les \u00e9lections pour l\u2019ann\u00e9e 2021, divers supports techniques, notamment des publications, des annuaires, des d\u00e9pliants et des spots de sensibilisation, en plus de la liste actualis\u00e9e des \u00e9tablissements employant pas moins de dix salari\u00e9s, class\u00e9s en fonction de leur r\u00e9partition g\u00e9ographique.<\/p>\n<p>Les donn\u00e9es mises \u00e0 la disposition des partenaires sociaux et du grand public s\u2019inscrivent dans le cadre de la facilitation de l\u2019acc\u00e8s \u00e0 l\u2019information, de la garantie de l\u2019\u00e9galit\u00e9 des chances et de la transparence des processus \u00e9lectoraux, compte tenu de l\u2019importance cruciale de ces \u00e9lections pour la d\u00e9termination de la repr\u00e9sentation syndicale, que ce soit au niveau de l\u2019entreprise ou au niveau national, avec les droits consultatifs et repr\u00e9sentatifs qui en d\u00e9coulent, les attributions accord\u00e9es aux d\u00e9l\u00e9gu\u00e9s des salari\u00e9s et aux organisations syndicales les plus repr\u00e9sentatives.<\/p>\n<p>Le minist\u00e8re a, de surcro\u00eet, mobilis\u00e9 ses \u00e9quipes aux niveaux central et local afin de traiter avec c\u00e9l\u00e9rit\u00e9 les demandes des partenaires sociaux, fournir des services de conseil et concourir au succ\u00e8s du processus \u00e9lectoral, en conformit\u00e9 avec ses responsabilit\u00e9s juridiques, dont la d\u00e9clinaison incombe \u00e0 l\u2019organe de l\u2019inspection du travail.<\/p>\n<p>Auteur: M&rsquo;hammed rahal<br \/>\n<a href=\"http:\/\/albayane.press.ma\/lancement-dun-guichet-en-ligne.html\">Cliquez ici pour lire l&rsquo;article depuis sa source.<\/a><\/p>\n","protected":false},"excerpt":{"rendered":"<p>Elections des d\u00e9l\u00e9gu\u00e9s des salari\u00e9s Le minist\u00e8re du Travail et de l\u2019Insertion professionnelle a annonc\u00e9, vendredi, le lancement d\u2019un guichet en ligne sp\u00e9cial pour les \u00e9lections des d\u00e9l\u00e9gu\u00e9s des salari\u00e9s du secteur priv\u00e9, via son site institutionnel https:\/\/www.travail.gov.ma, dans le cadre des missions et responsabilit\u00e9s qui lui ont \u00e9t\u00e9 confi\u00e9es en mati\u00e8re de suivi et [&hellip;]<\/p>\n","protected":false},"author":1760,"featured_media":0,"comment_status":"closed","ping_status":"closed","sticky":false,"template":"","format":"standard","meta":{"fifu_image_url":"","fifu_image_alt":"","footnotes":""},"categories":[73,54],"tags":[],"class_list":["post-115549","post","type-post","status-publish","format-standard","hentry","category-actualite","category-maroc"],"_links":{"self":[{"href":"https:\/\/linitiative.ca\/International\/wp-json\/wp\/v2\/posts\/115549","targetHints":{"allow":["GET"]}}],"collection":[{"href":"https:\/\/linitiative.ca\/International\/wp-json\/wp\/v2\/posts"}],"about":[{"href":"https:\/\/linitiative.ca\/International\/wp-json\/wp\/v2\/types\/post"}],"author":[{"embeddable":true,"href":"https:\/\/linitiative.ca\/International\/wp-json\/wp\/v2\/users\/1760"}],"replies":[{"embeddable":true,"href":"https:\/\/linitiative.ca\/International\/wp-json\/wp\/v2\/comments?post=115549"}],"version-history":[{"count":0,"href":"https:\/\/linitiative.ca\/International\/wp-json\/wp\/v2\/posts\/115549\/revisions"}],"wp:attachment":[{"href":"https:\/\/linitiative.ca\/International\/wp-json\/wp\/v2\/media?parent=115549"}],"wp:term":[{"taxonomy":"category","embeddable":true,"href":"https:\/\/linitiative.ca\/International\/wp-json\/wp\/v2\/categories?post=115549"},{"taxonomy":"post_tag","embeddable":true,"href":"https:\/\/linitiative.ca\/International\/wp-json\/wp\/v2\/tags?post=115549"}],"curies":[{"name":"wp","href":"https:\/\/api.w.org\/{rel}","templated":true}]}}