{"id":11555,"date":"2019-02-05T08:02:04","date_gmt":"2019-02-05T13:02:04","guid":{"rendered":"https:\/\/linitiative.ca\/International\/ouargla-lancement-dun-projet-pilote-de-gestion-des-dechets-menagers\/"},"modified":"2019-02-05T08:02:04","modified_gmt":"2019-02-05T13:02:04","slug":"ouargla-lancement-dun-projet-pilote-de-gestion-des-dechets-menagers","status":"publish","type":"post","link":"https:\/\/linitiative.ca\/International\/ouargla-lancement-dun-projet-pilote-de-gestion-des-dechets-menagers\/","title":{"rendered":"Ouargla: lancement d&rsquo;un projet pilote de gestion des d\u00e9chets m\u00e9nagers"},"content":{"rendered":"<div>\n<div class=\"K2FeedImage\"><img decoding=\"async\" src=\"http:\/\/www.aps.dz\/media\/k2\/items\/cache\/1b830750f832d3389a0bbb323967973d_S.jpg\" alt=\"Ouargla: lancement d'un projet pilote de gestion des d\u00e9chets m\u00e9nagers\"><\/div>\n<div class=\"K2FeedIntroText\">\n<p>OUARGLA- Un projet pilote de gestion des d\u00e9chets m\u00e9nagers sera lanc\u00e9 dans deux communes de la wilaya d\u2019Ouargla, retenue pour cette op\u00e9ration parmi quatre wilayas du pays par le minist\u00e8res de l\u2019Int\u00e9rieur, des Collectivit\u00e9s locales et de l\u2019Am\u00e9nagement du territoire et celui de l\u2019Environnement et des Energies renouvelables, a-t-on indiqu\u00e9 lors d\u2019une rencontre mardi au si\u00e8ge de la wilaya.<\/p>\n<\/div>\n<div class=\"K2FeedFullText\">\n<p>Les communes de Touggourt et Ouargla ont \u00e9t\u00e9 choisies pour cette \u00ab\u00a0op\u00e9ration pilote\u00a0\u00bb initi\u00e9e en coordination avec l\u2019Agence allemande de coop\u00e9ration internationale (GIZ) et visant \u00e0 un d\u00e9veloppement global et int\u00e9gr\u00e9 en mati\u00e8re de pr\u00e9servation de l\u2019Environnement et la mise sur pied d\u2019entreprises contribuant efficacement \u00e0 l\u2019am\u00e9lioration de l\u2019image des villes, a-t-on expliqu\u00e9 lors de cette rencontre consacr\u00e9e \u00e0 l\u2019am\u00e9lioration de la gestion des d\u00e9chets.<\/p>\n<p>L\u2019am\u00e9lioration de l\u2019attractivit\u00e9 des villes constitue une \u00ab\u00a0action prioritaire\u00a0\u00bb pour le minist\u00e8res de l\u2019Int\u00e9rieur, des Collectivit\u00e9s locales et de l\u2019Am\u00e9nagement du territoire, a indiqu\u00e9 le directeur des activit\u00e9s territoriales et de l\u2019urbanisme au minist\u00e8re, Abdelwahab Bertima, soulignant que l\u2019ensemble des infrastructures et autres exigences urbaines d\u2019am\u00e9nagement et d\u2019entretien des \u00e9quipements publics ne suffisent pas, \u00e0 elles seules, \u00e0 offrir un cadre agr\u00e9able au citoyen si elle ne sont pas associ\u00e9es \u00e0 un cadre de vie salubre.<\/p>\n<p>Il a appel\u00e9 pour cela \u00e0 l\u2019accompagnement des collectivit\u00e9s territoriales, \u00e0 travers l\u2019encadrement et l\u2019aide des wilayas et des communes, pour la mise en place d\u2019un syst\u00e8me de gestion nouveau\u00a0 garantissant l\u2019am\u00e9lioration continuel du service public.<\/p>\n<hr>\n<p><a href=\"http:\/\/www.aps.dz\/economie\/71793-necessite-d-un-plan-permanant-pour-la-gestion-des-dechets-menagers\">Lire aussi: N\u00e9cessit\u00e9 d&rsquo;un plan permanent pour la gestion des d\u00e9chets m\u00e9nagers\u00a0<\/a><\/p>\n<hr>\n<p>L\u2019inspectrice g\u00e9n\u00e9rale du minist\u00e8re de l\u2019Environnement et des Energies renouvelables, Samira Hamdi, a affirm\u00e9 que ce projet pilote entre dans le cadre de la strat\u00e9gie nationale de gestion int\u00e9gr\u00e9e des d\u00e9chets et leur valorisation, ainsi que l\u2019appui aux collectivit\u00e9s locales dans ce sens, \u00e0 travers des formations dans le domaine de la gestion des d\u00e9chets, depuis la collecte jusqu\u2019\u00e0 leur traitement.<\/p>\n<p>Il s\u2019agira, dans une premi\u00e8re phase, d\u2019effectuer un diagnostic approfondi du processus de gestion des d\u00e9chets dans la commune d\u2019Ouargla par des sp\u00e9cialistes de l\u2019Agence allemande de coop\u00e9ration internationale et de l\u2019Agence nationale des d\u00e9chets, et de la mise en place de comit\u00e9s d\u2019orientations au niveau local \u0153uvrant \u00e0 la sensibilisation, la formation et le contr\u00f4le afin de garantir l\u2019efficience du nouveau plan, a r\u00e9v\u00e9l\u00e9 le repr\u00e9sentant de l\u2019Agence GIZ, Ahmed Fekkiri, lors de la pr\u00e9sentation du projet.<\/p>\n<p>Le wali d\u2019Ouargla, Abdelkader Djellaoui, a estim\u00e9, de son c\u00f4t\u00e9, que le projet allait contribuer \u00e0 l\u2019am\u00e9lioration certaine de la gestion des d\u00e9chets m\u00e9nagers au niveau des communes de Touggourt et Ouargla, \u00e0 travers des proc\u00e9d\u00e9s scientifiques et modernes d\u2019exploitation des d\u00e9chets et leur rentabilisation.<\/p>\n<p>La r\u00e9ussite de ce programme n\u00e9cessite une \u00ab\u00a0forte volont\u00e9\u00a0\u00bb, surtout de la part des assembl\u00e9es populaires communales, par la mise en place de plans \u00e9tudi\u00e9s visant \u00e0 parvenir \u00e0 l\u2019\u00e9tape de recyclage des d\u00e9chets et l\u2019exploitation de leurs revenus, en mobilisant les moyens humains et mat\u00e9riels n\u00e9cessaires, mais aussi les m\u00e9dias et les r\u00e9seaux sociaux pour l\u2019ancrage d\u2019une culture environnementale chez le citoyen et sa sensibilisation sur l\u2019importance des op\u00e9rations de tri et de recyclage, a-t-il ajout\u00e9.<\/p>\n<p>Outre Ouargla, les trois autres wilayas retenues pour ce programme Pilote sont Tlemcen, Jijel et Oum El-Bouaghi, a-t-on fait savoir lors de la rencontre.<\/p>\n<\/div>\n<\/div>\n","protected":false},"excerpt":{"rendered":"<p>OUARGLA- Un projet pilote de gestion des d\u00e9chets m\u00e9nagers sera lanc\u00e9 dans deux communes de la wilaya d\u2019Ouargla, retenue pour cette op\u00e9ration parmi quatre wilayas du pays par le minist\u00e8res de l\u2019Int\u00e9rieur, des Collectivit\u00e9s locales et de l\u2019Am\u00e9nagement du territoire et celui de l\u2019Environnement et des Energies renouvelables, a-t-on indiqu\u00e9 lors d\u2019une rencontre mardi au [&hellip;]<\/p>\n","protected":false},"author":1790,"featured_media":11556,"comment_status":"closed","ping_status":"closed","sticky":false,"template":"","format":"standard","meta":{"fifu_image_url":"","fifu_image_alt":"","footnotes":""},"categories":[53,76],"tags":[],"class_list":["post-11555","post","type-post","status-publish","format-standard","has-post-thumbnail","hentry","category-algerie","category-regions"],"_links":{"self":[{"href":"https:\/\/linitiative.ca\/International\/wp-json\/wp\/v2\/posts\/11555","targetHints":{"allow":["GET"]}}],"collection":[{"href":"https:\/\/linitiative.ca\/International\/wp-json\/wp\/v2\/posts"}],"about":[{"href":"https:\/\/linitiative.ca\/International\/wp-json\/wp\/v2\/types\/post"}],"author":[{"embeddable":true,"href":"https:\/\/linitiative.ca\/International\/wp-json\/wp\/v2\/users\/1790"}],"replies":[{"embeddable":true,"href":"https:\/\/linitiative.ca\/International\/wp-json\/wp\/v2\/comments?post=11555"}],"version-history":[{"count":0,"href":"https:\/\/linitiative.ca\/International\/wp-json\/wp\/v2\/posts\/11555\/revisions"}],"wp:featuredmedia":[{"embeddable":true,"href":"https:\/\/linitiative.ca\/International\/wp-json\/"}],"wp:attachment":[{"href":"https:\/\/linitiative.ca\/International\/wp-json\/wp\/v2\/media?parent=11555"}],"wp:term":[{"taxonomy":"category","embeddable":true,"href":"https:\/\/linitiative.ca\/International\/wp-json\/wp\/v2\/categories?post=11555"},{"taxonomy":"post_tag","embeddable":true,"href":"https:\/\/linitiative.ca\/International\/wp-json\/wp\/v2\/tags?post=11555"}],"curies":[{"name":"wp","href":"https:\/\/api.w.org\/{rel}","templated":true}]}}