{"id":115552,"date":"2021-04-24T18:18:02","date_gmt":"2021-04-24T22:18:02","guid":{"rendered":"https:\/\/linitiative.ca\/International\/assurance-sortie-officielle-de-18-techniciens-ivoiriens-diplomes-du-cfap\/"},"modified":"2021-04-24T18:18:02","modified_gmt":"2021-04-24T22:18:02","slug":"assurance-sortie-officielle-de-18-techniciens-ivoiriens-diplomes-du-cfap","status":"publish","type":"post","link":"https:\/\/linitiative.ca\/International\/assurance-sortie-officielle-de-18-techniciens-ivoiriens-diplomes-du-cfap\/","title":{"rendered":"Assurance: sortie officielle de 18 techniciens Ivoiriens dipl\u00f4m\u00e9s du CFAP"},"content":{"rendered":"<div readability=\"32\">\n<p>Publi\u00e9 le 24.04.2021 \u00e0 23h18 par APA News<\/p>\n<\/div>\n<div readability=\"104\">\n<p>Dix-huit techniciens Ivoiriens, dipl\u00f4m\u00e9s du Centre professionnel de formation en assurance (CFAP, promotion 2017-2019), ont re\u00e7u jeudi leurs parchemins, lors d\u2019une c\u00e9r\u00e9monie dans les locaux de l\u2019\u00e9tablissement \u00e0 Abidjan.<\/p>\n<p>La c\u00e9r\u00e9monie s\u2019est d\u00e9roul\u00e9e en pr\u00e9sence de M. Arthur Ahoussi, directeur g\u00e9n\u00e9ral adjoint (DGA) du Tr\u00e9sor et de la Comptabilit\u00e9 Publique de C\u00f4te d\u2019Ivoire et de M. Saliou Bakayoko, pr\u00e9sident de l\u2019Association des soci\u00e9t\u00e9s d\u2019Assurances (ASACI), parrain de ladite promotion, selon une note transmise \u00e0 APA, samedi.\u00a0<\/p>\n<p>Le Centre Professionnel de Formation en Assurance (CPFA) est une unit\u00e9 p\u00e9dagogique d\u00e9centralis\u00e9e de l\u2019Institut International des Assurances (IIA) de Yaound\u00e9. Il a accueilli le jeudi 22 avril 2021 dans ses locaux sis \u00e0 Abidjan-Cocody, la c\u00e9r\u00e9monie de remise de dipl\u00f4mes des \u00e9tudiants de la promotion 2017-2019.\u00a0<\/p>\n<p>Ce sont 18 techniciens en assurance que le CPFA offre au march\u00e9 ivoirien des assurances. Ces jeunes Ivoiriens sont d\u00e9sormais capables de servir aussi bien dans les compagnies d\u2019assurances, chez les interm\u00e9diaires d\u2019assurances que dans les autres entit\u00e9s classiques.\u00a0<\/p>\n<p>Apr\u00e8s avoir f\u00e9licit\u00e9 M. Pascal N\u00e9n\u00e9 Bi Gour\u00e9, le directeur du CPFA, dont la politique de formation s\u2019inscrit dans la droite ligne du Tr\u00e9sor public ivoirien certifi\u00e9 \u00e0 la norme qualit\u00e9 ISO 9001 version 2015, le DGA \u00a0Ahoussi a souhait\u00e9 bon vent aux dipl\u00f4m\u00e9s.\u00a0<\/p>\n<p>\u00a0\u00ab Je souhaite que vous soyez rapidement ins\u00e9r\u00e9s dans le tissu \u00e9conomique afin que la possibilit\u00e9 vous soit donn\u00e9e d\u2019appliquer sur le terrain ce que vous avez appris pendant deux ann\u00e9es au CPFA \u00bb, a d\u00e9clar\u00e9 le directeur g\u00e9n\u00e9ral adjoint du Tr\u00e9sor public ivoirien. \u00a0<\/p>\n<p>Convaincu qu\u2019une formation de qualit\u00e9 fait partie des leviers importants pour le d\u00e9veloppement d\u2019un pays, M. Arthur Ahoussi a invit\u00e9 tous les acteurs du march\u00e9 des assurances \u00e0 soutenir le CPFA dans la r\u00e9alisation de ses missions.<\/p>\n<p>M. Bakayoko, le parrain, a conseill\u00e9 ses filleuls a avoir deux qualit\u00e9s essentielles pour une carri\u00e8re professionnelle r\u00e9ussie, notamment le savoir \u00eatre et de savoir-faire, afin de mieux \u00e9voluer dans ce secteur o\u00f9 les clients sont beaucoup exigeants. \u00a0<\/p>\n<p>Poursuivant ses conseils, le pr\u00e9sident de l\u2019ASACI ajoute : \u00ab en entreprise soyez travailleurs et ayez un bon comportement en \u00e9tant humbles. C\u2019est alors que vous allez consid\u00e9rablement augmenter votre chance de r\u00e9ussite professionnelle \u00bb.<\/p>\n<p>Le CPFA de la C\u00f4te d\u2019Ivoire, cr\u00e9\u00e9 en 1987, a \u00e9t\u00e9 ferm\u00e9e en 1993. C\u2019est en avril 2016 que le gouvernement ivoirien, par le canal du minist\u00e8re de l\u2019Economie et des Finances et en partenariat avec le secteur priv\u00e9 des assurances, a pris un arr\u00eat\u00e9 minist\u00e9riel portant l\u2019ouverture du CPFA C\u00f4te d\u2019Ivoire.\u00a0<\/p>\n<p>Ce centre, qui fonctionne sous la tutelle administrative du Tr\u00e9sor Public et de la comptabilit\u00e9 de C\u00f4te d\u2019Ivoire \u00e0 travers la direction des assurances, participe au renforcement des capacit\u00e9s du capital humain du march\u00e9 des assurances de la zone CIMA.\u00a0<\/p>\n<\/div>\n<p>Auteur: APA News<br \/>\n<a href=\"https:\/\/www.journalducameroun.com\/assurance-sortie-officielle-de-18-techniciens-ivoiriens-diplomes-du-cfap\/\">Cliquez ici pour lire l&rsquo;article depuis sa source.<\/a><\/p>\n","protected":false},"excerpt":{"rendered":"<p>Publi\u00e9 le 24.04.2021 \u00e0 23h18 par APA News Dix-huit techniciens Ivoiriens, dipl\u00f4m\u00e9s du Centre professionnel de formation en assurance (CFAP, promotion 2017-2019), ont re\u00e7u jeudi leurs parchemins, lors d\u2019une c\u00e9r\u00e9monie dans les locaux de l\u2019\u00e9tablissement \u00e0 Abidjan. La c\u00e9r\u00e9monie s\u2019est d\u00e9roul\u00e9e en pr\u00e9sence de M. Arthur Ahoussi, directeur g\u00e9n\u00e9ral adjoint (DGA) du Tr\u00e9sor et de [&hellip;]<\/p>\n","protected":false},"author":1965,"featured_media":0,"comment_status":"closed","ping_status":"closed","sticky":false,"template":"","format":"standard","meta":{"fifu_image_url":"","fifu_image_alt":"","footnotes":""},"categories":[73,82],"tags":[],"class_list":["post-115552","post","type-post","status-publish","format-standard","hentry","category-actualite","category-cameroun"],"_links":{"self":[{"href":"https:\/\/linitiative.ca\/International\/wp-json\/wp\/v2\/posts\/115552","targetHints":{"allow":["GET"]}}],"collection":[{"href":"https:\/\/linitiative.ca\/International\/wp-json\/wp\/v2\/posts"}],"about":[{"href":"https:\/\/linitiative.ca\/International\/wp-json\/wp\/v2\/types\/post"}],"author":[{"embeddable":true,"href":"https:\/\/linitiative.ca\/International\/wp-json\/wp\/v2\/users\/1965"}],"replies":[{"embeddable":true,"href":"https:\/\/linitiative.ca\/International\/wp-json\/wp\/v2\/comments?post=115552"}],"version-history":[{"count":0,"href":"https:\/\/linitiative.ca\/International\/wp-json\/wp\/v2\/posts\/115552\/revisions"}],"wp:attachment":[{"href":"https:\/\/linitiative.ca\/International\/wp-json\/wp\/v2\/media?parent=115552"}],"wp:term":[{"taxonomy":"category","embeddable":true,"href":"https:\/\/linitiative.ca\/International\/wp-json\/wp\/v2\/categories?post=115552"},{"taxonomy":"post_tag","embeddable":true,"href":"https:\/\/linitiative.ca\/International\/wp-json\/wp\/v2\/tags?post=115552"}],"curies":[{"name":"wp","href":"https:\/\/api.w.org\/{rel}","templated":true}]}}