{"id":115554,"date":"2021-04-24T18:18:02","date_gmt":"2021-04-24T22:18:02","guid":{"rendered":"https:\/\/linitiative.ca\/International\/permis-de-conduire-ivoirien-suspension-des-inspecteurs-des-lundi\/"},"modified":"2021-04-24T18:18:02","modified_gmt":"2021-04-24T22:18:02","slug":"permis-de-conduire-ivoirien-suspension-des-inspecteurs-des-lundi","status":"publish","type":"post","link":"https:\/\/linitiative.ca\/International\/permis-de-conduire-ivoirien-suspension-des-inspecteurs-des-lundi\/","title":{"rendered":"Permis de conduire ivoirien: suspension  des inspecteurs d\u00e8s lundi"},"content":{"rendered":"<div readability=\"32\">\n<p>Publi\u00e9 le 24.04.2021 \u00e0 23h18 par APA News<\/p>\n<\/div>\n<div readability=\"78\">\n<p>Le minist\u00e8re ivoirien des Transports annonce la suspension, d\u00e8s le 26 avril 2021, de la fonction des inspecteurs charg\u00e9s des examens th\u00e9oriques et pratiques du permis de conduire afin d\u2019assainir le secteur, dans un communiqu\u00e9.<\/p>\n<p>\u00ab\u00a0Pour des raisons d\u2019enqu\u00eates approfondies et de n\u00e9cessit\u00e9 de service, il est d\u00e9cid\u00e9, \u00e0 compter du lundi 26 avril 2021, de la suspension de leurs fonctions, de tous les inspecteurs affect\u00e9s au service des examens th\u00e9oriques et pratiques du permis de conduire\u00a0\u00bb, indique le communiqu\u00e9.<\/p>\n<p>Cette mesure intervient \u00ab\u00a0suite \u00e0 des enqu\u00eates pr\u00e9liminaires et vu la n\u00e9cessit\u00e9 de lutter efficacement contre la corruption et la fraude dans l\u2019obtention du permis de conduire\u00a0\u00bb, justifie le texte sign\u00e9 par le ministre des Transports, dans une adresse aux candidats aux examens. \u00a0<\/p>\n<p>Le ministre des Transports, Amadou Kon\u00e9, note que cela a lieu \u00ab\u00a0dans le cadre du renforcement de la s\u00e9curit\u00e9 routi\u00e8re et prenant en compte les causes des accidents graves sur les routes de notre pays en d\u00e9pit des efforts consentis par le gouvernement pour transporter les biens et les personnes dans les meilleurs conditions de s\u00e9curit\u00e9 et de confort\u00a0\u00bb.<\/p>\n<p>\u00ab\u00a0Il est apparu n\u00e9cessaire pour le minist\u00e8re des Transports d\u2019assainir le parcours pour l\u2019obtention du permis de conduire\u00a0\u00bb, pr\u00e9cise M. Amadou Kon\u00e9, dont la d\u00e9cision intervient apr\u00e8s de graves accidents de la circulation dans le pays ces derniers jours. \u00a0 \u00a0<\/p>\n<p>Le minist\u00e8re des Transports tient \u00e0 \u00ab\u00a0rassurer les candidats aux examens du permis de conduire que ceux-ci reprendront d\u00e8s le lundi 03 mai 2021 et seront assur\u00e9s par les agents de la gendarmerie nationale pour une p\u00e9riode de trois mois, le temps pour le gouvernement d\u2019achever la phase cruciale de la r\u00e9forme desdits examens\u00a0\u00bb, poursuit le communiqu\u00e9.\u00a0<\/p>\n<p>Pour assurer l\u2019effectivit\u00e9 de cette mesure qui vise \u00e0 sauver les vies humaines et \u00e0 conserver la cr\u00e9dibilit\u00e9 du permis de conduire ivoirien, le minist\u00e8re des Transports invite les candidats aux examens \u00e0 \u00ab\u00a0la patience\u00a0\u00bb et les usagers de la route au strict respect du code de la route.\u00a0<\/p>\n<\/div>\n<p>Auteur: APA News<br \/>\n<a href=\"https:\/\/www.journalducameroun.com\/permis-de-conduire-ivoirien-suspension-des-inspecteurs-des-lundi\/\">Cliquez ici pour lire l&rsquo;article depuis sa source.<\/a><\/p>\n","protected":false},"excerpt":{"rendered":"<p>Publi\u00e9 le 24.04.2021 \u00e0 23h18 par APA News Le minist\u00e8re ivoirien des Transports annonce la suspension, d\u00e8s le 26 avril 2021, de la fonction des inspecteurs charg\u00e9s des examens th\u00e9oriques et pratiques du permis de conduire afin d\u2019assainir le secteur, dans un communiqu\u00e9. \u00ab\u00a0Pour des raisons d\u2019enqu\u00eates approfondies et de n\u00e9cessit\u00e9 de service, il est [&hellip;]<\/p>\n","protected":false},"author":1965,"featured_media":0,"comment_status":"closed","ping_status":"closed","sticky":false,"template":"","format":"standard","meta":{"fifu_image_url":"","fifu_image_alt":"","footnotes":""},"categories":[73,82],"tags":[],"class_list":["post-115554","post","type-post","status-publish","format-standard","hentry","category-actualite","category-cameroun"],"_links":{"self":[{"href":"https:\/\/linitiative.ca\/International\/wp-json\/wp\/v2\/posts\/115554","targetHints":{"allow":["GET"]}}],"collection":[{"href":"https:\/\/linitiative.ca\/International\/wp-json\/wp\/v2\/posts"}],"about":[{"href":"https:\/\/linitiative.ca\/International\/wp-json\/wp\/v2\/types\/post"}],"author":[{"embeddable":true,"href":"https:\/\/linitiative.ca\/International\/wp-json\/wp\/v2\/users\/1965"}],"replies":[{"embeddable":true,"href":"https:\/\/linitiative.ca\/International\/wp-json\/wp\/v2\/comments?post=115554"}],"version-history":[{"count":0,"href":"https:\/\/linitiative.ca\/International\/wp-json\/wp\/v2\/posts\/115554\/revisions"}],"wp:attachment":[{"href":"https:\/\/linitiative.ca\/International\/wp-json\/wp\/v2\/media?parent=115554"}],"wp:term":[{"taxonomy":"category","embeddable":true,"href":"https:\/\/linitiative.ca\/International\/wp-json\/wp\/v2\/categories?post=115554"},{"taxonomy":"post_tag","embeddable":true,"href":"https:\/\/linitiative.ca\/International\/wp-json\/wp\/v2\/tags?post=115554"}],"curies":[{"name":"wp","href":"https:\/\/api.w.org\/{rel}","templated":true}]}}