{"id":115561,"date":"2021-04-25T09:18:01","date_gmt":"2021-04-25T13:18:01","guid":{"rendered":"https:\/\/linitiative.ca\/International\/le-maroc-deplore-lattitude-de-lespagne-daccueillir-le-chef-du-polisario-brahim-ghali-sur-son-territoire\/"},"modified":"2021-04-25T09:18:01","modified_gmt":"2021-04-25T13:18:01","slug":"le-maroc-deplore-lattitude-de-lespagne-daccueillir-le-chef-du-polisario-brahim-ghali-sur-son-territoire","status":"publish","type":"post","link":"https:\/\/linitiative.ca\/International\/le-maroc-deplore-lattitude-de-lespagne-daccueillir-le-chef-du-polisario-brahim-ghali-sur-son-territoire\/","title":{"rendered":"Le Maroc d\u00e9plore l\u2019attitude de l\u2019Espagne d\u2019accueillir le chef du polisario Brahim Ghali sur son territoire"},"content":{"rendered":"<div readability=\"32\">\n<p>Publi\u00e9 le 25.04.2021 \u00e0 14h18 par APA News<\/p>\n<\/div>\n<div readability=\"92\">\n<p>Le Maroc d\u00e9plore l\u2019attitude de l\u2019Espagne, qui accueille sur son territoire le chef du front polisario, Brahim Ghali \u00ab poursuivi pour des crimes guerre s\u00e9rieux et des atteintes graves aux droits de l\u2019Homme \u00bb, indique dimanche un communiqu\u00e9 du minist\u00e8re marocain des Affaires \u00e9trang\u00e8res.\u00ab Le Royaume exprime sa d\u00e9ception \u00e0 l\u2019\u00e9gard de cet acte contraire \u00e0 l\u2019esprit de partenariat et de bon voisinage, et qui concerne une question fondamentale pour le peuple marocain et ses forces vives \u00bb, souligne la m\u00eame source<\/p>\n<p>Selon le minist\u00e8re, \u00ab l\u2019attitude de l\u2019Espagne suscite une grande incompr\u00e9hension et des interrogations l\u00e9gitimes \u00bb.<\/p>\n<p>\u00ab Pourquoi le d\u00e9nomm\u00e9 Brahim Ghali a \u00e9t\u00e9 admis en Espagne en catimini et avec un faux passeport ? Pourquoi l\u2019Espagne a jug\u00e9 utile de ne pas en aviser le Maroc ? Pourquoi a-t-elle a opt\u00e9 pour son admission sous une fausse identit\u00e9 ? \u00a0Pourquoi la justice espagnole n\u2019a pas encore r\u00e9agi aux nombreuses plaintes d\u00e9pos\u00e9es par les victimes ? s\u2019interroge le minist\u00e8re des AE.<\/p>\n<p>Et de rappeler que l\u2019Ambassadeur d\u2019Espagne \u00e0 Rabat a \u00e9t\u00e9 convoqu\u00e9 au si\u00e8ge du minist\u00e8re des Affaires \u00e9trang\u00e8res \u00ab afin que lui soit communiqu\u00e9e cette position et pour exiger de lui les explications n\u00e9cessaires sur l\u2019attitude de son gouvernement \u00bb.<\/p>\n<p>Il est \u00e0 signaler que le chef du Polisario, Brahim Ghali, a \u00e9t\u00e9 hospitalis\u00e9 en Espagne apr\u00e8s avoir \u00e9t\u00e9 contamin\u00e9 par le coronavirus. Il a \u00e9t\u00e9 admis dans un h\u00f4pital en Espagne, tr\u00e8s exactement \u00e0 Logro\u00f1o, pr\u00e8s de Saragosse.<\/p>\n<p>Ghali fait l\u2019objet de plusieurs plaintes d\u00e9pos\u00e9e en Espagne par l\u2019Association sahraouie pour la d\u00e9fense des droits de l\u2019homme (Asadedh). Cette derni\u00e8re a d\u00e9pos\u00e9 un m\u00e9moire aupr\u00e8s de la Haute Cour pour demander \u00e0 ce que le chef du Polisario soit auditionn\u00e9 et qu\u2019il ne puisse pas se soustraire \u00e0 la justice espagnole.<\/p>\n<p>Asadedh l\u2019accuse de g\u00e9nocide, de terrorisme, de disparitions forc\u00e9es, d\u2019assassinats et de viols.<\/p>\n<p>Vendredi, la cheffe de la diplomatie espagnole Arancha Gonz\u00e1lez Laya a affirm\u00e9 que l\u2019hospitalisation \u00e0 Logro\u00f1o du patron du Polisario, Brahim Ghali, n\u2019aura pas d\u2019impact sur \u00ab les excellentes relations \u00bb entre l\u2019Espagne et le Maroc. La ministre espagnole des Affaires \u00e9trang\u00e8res, de l\u2019Union europ\u00e9enne et de la Coop\u00e9ration, a fait cette d\u00e9claration \u00e0 la presse, \u00e0 l\u2019issue d\u2019une r\u00e9union \u00e0 Madrid avec son homologue palestinien Riad Al Maliki.<\/p>\n<p>Apr\u00e8s avoir confirm\u00e9 la pr\u00e9sence de Brahim Ghali sur le sol espagnol \u00ab pour des raisons strictement humanitaires \u00bb, Arancha Gonz\u00e1lez Laya a d\u00e9clar\u00e9: \u00ab bien s\u00fbr que cette question n\u2019entrave, ni ne perturbe les excellentes relations que l\u2019Espagne entretient avec le Maroc \u00bb, ajoutant que le Maroc est \u00ab un voisin, un ami et un partenaire privil\u00e9gi\u00e9 \u00bb dans tous les domaines et \u00ab cela ne change pas \u00bb.<\/p>\n<\/div>\n<p>Auteur: APA News<br \/>\n<a href=\"https:\/\/www.journalducameroun.com\/le-maroc-deplore-lattitude-de-lespagne-daccueillir-le-chef-du-polisario-brahim-ghali-sur-son-territoire\/\">Cliquez ici pour lire l&rsquo;article depuis sa source.<\/a><\/p>\n","protected":false},"excerpt":{"rendered":"<p>Publi\u00e9 le 25.04.2021 \u00e0 14h18 par APA News Le Maroc d\u00e9plore l\u2019attitude de l\u2019Espagne, qui accueille sur son territoire le chef du front polisario, Brahim Ghali \u00ab poursuivi pour des crimes guerre s\u00e9rieux et des atteintes graves aux droits de l\u2019Homme \u00bb, indique dimanche un communiqu\u00e9 du minist\u00e8re marocain des Affaires \u00e9trang\u00e8res.\u00ab Le Royaume exprime [&hellip;]<\/p>\n","protected":false},"author":1965,"featured_media":0,"comment_status":"closed","ping_status":"closed","sticky":false,"template":"","format":"standard","meta":{"fifu_image_url":"","fifu_image_alt":"","footnotes":""},"categories":[73,82],"tags":[],"class_list":["post-115561","post","type-post","status-publish","format-standard","hentry","category-actualite","category-cameroun"],"_links":{"self":[{"href":"https:\/\/linitiative.ca\/International\/wp-json\/wp\/v2\/posts\/115561","targetHints":{"allow":["GET"]}}],"collection":[{"href":"https:\/\/linitiative.ca\/International\/wp-json\/wp\/v2\/posts"}],"about":[{"href":"https:\/\/linitiative.ca\/International\/wp-json\/wp\/v2\/types\/post"}],"author":[{"embeddable":true,"href":"https:\/\/linitiative.ca\/International\/wp-json\/wp\/v2\/users\/1965"}],"replies":[{"embeddable":true,"href":"https:\/\/linitiative.ca\/International\/wp-json\/wp\/v2\/comments?post=115561"}],"version-history":[{"count":0,"href":"https:\/\/linitiative.ca\/International\/wp-json\/wp\/v2\/posts\/115561\/revisions"}],"wp:attachment":[{"href":"https:\/\/linitiative.ca\/International\/wp-json\/wp\/v2\/media?parent=115561"}],"wp:term":[{"taxonomy":"category","embeddable":true,"href":"https:\/\/linitiative.ca\/International\/wp-json\/wp\/v2\/categories?post=115561"},{"taxonomy":"post_tag","embeddable":true,"href":"https:\/\/linitiative.ca\/International\/wp-json\/wp\/v2\/tags?post=115561"}],"curies":[{"name":"wp","href":"https:\/\/api.w.org\/{rel}","templated":true}]}}