{"id":115565,"date":"2021-04-25T10:17:30","date_gmt":"2021-04-25T14:17:30","guid":{"rendered":"https:\/\/linitiative.ca\/International\/le-maroc-deplore-lattitude-de-lespagne-qui-accueille-sur-son-territoire-le-chef-des-milices-separatistes-du-polisario\/"},"modified":"2021-04-25T10:17:30","modified_gmt":"2021-04-25T14:17:30","slug":"le-maroc-deplore-lattitude-de-lespagne-qui-accueille-sur-son-territoire-le-chef-des-milices-separatistes-du-polisario","status":"publish","type":"post","link":"https:\/\/linitiative.ca\/International\/le-maroc-deplore-lattitude-de-lespagne-qui-accueille-sur-son-territoire-le-chef-des-milices-separatistes-du-polisario\/","title":{"rendered":"Le Maroc d\u00e9plore l\u2019attitude de l\u2019Espagne qui accueille sur son territoire le chef des milices s\u00e9paratistes du \u00ab\u00a0polisario\u00a0\u00bb"},"content":{"rendered":"<div class=\"single-featured\"><img alt=\"\" data-src=\"http:\/\/www.mapoujda.ma\/map\/uploads\/2021\/04\/Minist\u00e8re-des-affaires-\u00e9trang\u00e8res-de-la-coop\u00e9ration-africaine-et-des-MRE-750\u00d7430-MAP.jpg\"\/><\/div>\n<div class=\"entry-content clearfix single-post-content\" readability=\"58\">\n<p class=\"c4\">Le Royaume du Maroc d\u00e9plore l\u2019attitude de l\u2019Espagne qui accueille sur son territoire le d\u00e9nomm\u00e9 Brahim Ghali, chef des milices s\u00e9paratistes du \u00ab\u00a0polisario\u00a0\u00bb, poursuivi pour des crimes de guerre s\u00e9rieux et des atteintes graves aux droits de l\u2019homme, a indiqu\u00e9 dimanche le minist\u00e8re des Affaires \u00e9trang\u00e8res, de la Coop\u00e9ration africaine et des Marocains r\u00e9sidant \u00e0 l\u2019\u00e9tranger.<\/p>\n<p class=\"c4\">Le Maroc exprime sa d\u00e9ception \u00e0 l\u2019\u00e9gard de cet acte contraire \u00e0 l\u2019esprit de partenariat et de bon voisinage et qui concerne une question fondamentale pour le peuple marocain et ses forces vives, ajoute le minist\u00e8re dans un communiqu\u00e9.<\/p>\n<p class=\"c4\">Pour le minist\u00e8re, l\u2019attitude de l\u2019Espagne suscite une grande incompr\u00e9hension et des interrogations l\u00e9gitimes : Pourquoi le d\u00e9nomm\u00e9 Brahim Ghali a \u00e9t\u00e9 admis en Espagne en catimini et avec un faux passeport ? Pourquoi l\u2019Espagne a jug\u00e9 utile de ne pas en aviser le Maroc ? Pourquoi a-t-elle opt\u00e9 pour son admission sous une fausse identit\u00e9 ? Et pourquoi la justice espagnole n\u2019a pas encore r\u00e9agi aux nombreuses plaintes d\u00e9pos\u00e9es par les victimes ?<\/p>\n<p class=\"c4\">\u00ab\u00a0C\u2019est pour cela que l\u2019Ambassadeur d\u2019Espagne \u00e0 Rabat a \u00e9t\u00e9 convoqu\u00e9 au minist\u00e8re des Affaires \u00e9trang\u00e8res, de la Coop\u00e9ration africaine et des Marocains r\u00e9sidant \u00e0 l\u2019\u00e9tranger, afin que lui soit communiqu\u00e9e cette position et pour exiger de lui les explications n\u00e9cessaires sur l\u2019attitude de son gouvernement\u00a0\u00bb, conclut le communiqu\u00e9.<\/p>\n<\/div>\n<p>Auteur: Soufiane ELAHMAR<br \/>\n<a href=\"http:\/\/www.mapoujda.ma\/fr\/le-maroc-deplore-lattitude-de-lespagne-qui-accueille-sur-son-territoire-le-chef-des-milices-separatistes-du-polisario\/\">Cliquez ici pour lire l&rsquo;article depuis sa source.<\/a><\/p>\n","protected":false},"excerpt":{"rendered":"<p>Le Royaume du Maroc d\u00e9plore l\u2019attitude de l\u2019Espagne qui accueille sur son territoire le d\u00e9nomm\u00e9 Brahim Ghali, chef des milices s\u00e9paratistes du \u00ab\u00a0polisario\u00a0\u00bb, poursuivi pour des crimes de guerre s\u00e9rieux et des atteintes graves aux droits de l\u2019homme, a indiqu\u00e9 dimanche le minist\u00e8re des Affaires \u00e9trang\u00e8res, de la Coop\u00e9ration africaine et des Marocains r\u00e9sidant \u00e0 [&hellip;]<\/p>\n","protected":false},"author":1788,"featured_media":0,"comment_status":"closed","ping_status":"closed","sticky":false,"template":"","format":"standard","meta":{"fifu_image_url":"http:\/\/www.mapoujda.ma\/map\/uploads\/2021\/04\/Minist\u00e8re-des-affaires-\u00e9trang\u00e8res-de-la-coop\u00e9ration-africaine-et-des-MRE-750\u00d7430-MAP.jpg","fifu_image_alt":"Le Maroc d\u00e9plore l\u2019attitude de l\u2019Espagne qui accueille sur son territoire le chef des milices s\u00e9paratistes du \u00ab\u00a0polisario\u00a0\u00bb","footnotes":""},"categories":[54,76],"tags":[],"class_list":["post-115565","post","type-post","status-publish","format-standard","hentry","category-maroc","category-regions"],"_links":{"self":[{"href":"https:\/\/linitiative.ca\/International\/wp-json\/wp\/v2\/posts\/115565","targetHints":{"allow":["GET"]}}],"collection":[{"href":"https:\/\/linitiative.ca\/International\/wp-json\/wp\/v2\/posts"}],"about":[{"href":"https:\/\/linitiative.ca\/International\/wp-json\/wp\/v2\/types\/post"}],"author":[{"embeddable":true,"href":"https:\/\/linitiative.ca\/International\/wp-json\/wp\/v2\/users\/1788"}],"replies":[{"embeddable":true,"href":"https:\/\/linitiative.ca\/International\/wp-json\/wp\/v2\/comments?post=115565"}],"version-history":[{"count":0,"href":"https:\/\/linitiative.ca\/International\/wp-json\/wp\/v2\/posts\/115565\/revisions"}],"wp:attachment":[{"href":"https:\/\/linitiative.ca\/International\/wp-json\/wp\/v2\/media?parent=115565"}],"wp:term":[{"taxonomy":"category","embeddable":true,"href":"https:\/\/linitiative.ca\/International\/wp-json\/wp\/v2\/categories?post=115565"},{"taxonomy":"post_tag","embeddable":true,"href":"https:\/\/linitiative.ca\/International\/wp-json\/wp\/v2\/tags?post=115565"}],"curies":[{"name":"wp","href":"https:\/\/api.w.org\/{rel}","templated":true}]}}