{"id":115569,"date":"2021-04-25T11:03:10","date_gmt":"2021-04-25T15:03:10","guid":{"rendered":"https:\/\/linitiative.ca\/International\/tunisie-comment-la-choura-dennahdha-pourra-t-elle-defendre-la-democratie-et-le-gouvernement\/"},"modified":"2021-04-25T11:03:10","modified_gmt":"2021-04-25T15:03:10","slug":"tunisie-comment-la-choura-dennahdha-pourra-t-elle-defendre-la-democratie-et-le-gouvernement","status":"publish","type":"post","link":"https:\/\/linitiative.ca\/International\/tunisie-comment-la-choura-dennahdha-pourra-t-elle-defendre-la-democratie-et-le-gouvernement\/","title":{"rendered":"Tunisie \u2013 Comment la Choura d\u2019Ennahdha pourra-t-elle d\u00e9fendre la d\u00e9mocratie et le gouvernement"},"content":{"rendered":"<div class=\"post-cont-in left relative\">\n<div id=\"post-info-wrap\" class=\"left relative post-info-out\">\n<div class=\"post-info-img left relative\"><img decoding=\"async\" alt=\"\" src=\"https:\/\/secure.gravatar.com\/avatar\/047123be9d5e8513774383916ee72db2?s=50&amp;d=mm&amp;r=g\" srcset=\"https:\/\/secure.gravatar.com\/avatar\/047123be9d5e8513774383916ee72db2?s=100&amp;d=mm&amp;r=g 2x\" class=\"avatar avatar-50 photo\" height=\"50\" width=\"50\" loading=\"lazy\"\/><\/div>\n<div class=\"post-info-in\">\n<div class=\"post-info-right left relative post-info-name left relative\"><span><span class=\"post-info-text\">Par<\/span> <span class=\"author-name vcard fn author\"><a href=\"https:\/\/www.tunisienumerique.com\/author\/lm\/\" title=\"Articles par LM\" rel=\"author\">LM<\/a><\/span><\/span> <span class=\"post-date updated\"><time class=\"post-date updated\" datetime=\"2021-04-25\">\u00a0| Il y a 2 heures<\/time><\/span><br \/>\n<meta itemprop=\"dateModified\" content=\"2021-04-25\"\/><\/div>\n<div class=\"left relative\"><button id=\"listenButton1\" class=\"responsivevoice-button\" type=\"button\" value=\"Play\" title=\"\u00c9coutez l'article\"><span>\ud83d\udd0a \u00c9coutez l&rsquo;article<\/span><\/button>\n<\/div>\n<\/div>\n<\/div>\n<p>Cet appel a \u00e9t\u00e9 lanc\u00e9, ce jour, par le d\u00e9put\u00e9 du bloc Ennahdha, Sa\u00efed Ferjani, \u00e0 travers sa page Facebook. Il a publi\u00e9 un post dans lequel il assure que des parties proches de la pr\u00e9sidence de la R\u00e9publique sont en train de saboter la prochaine visite du chef du gouvernement \u00e0 Washington. Une visite qu\u2019il a qualifi\u00e9e de cruciale pour le pays, son \u00e9conomie et sa situation sociale.<\/p>\n<div class=\"code-block code-block-1 c4\">\n <ins class=\"adsbygoogle c3\" data-ad-layout=\"in-article\" data-ad-format=\"fluid\" data-ad-client=\"ca-pub-2102118777505746\" data-ad-slot=\"7301775417\"\/>\n<\/div>\n<p>Ferjani a assur\u00e9 que ces parties veulent mettre en valeur l\u2019instabilit\u00e9 du gouvernement et des institutions de l\u2019Etat, parce qu\u2019elles savent que les bailleurs de fonds seront r\u00e9ticents \u00e0 composer avec un pays aux institutions fragiles et instables.<\/p>\n<p>Ferjani a appel\u00e9 le conseil de la Choura d\u2019Ennahdha a montrer, aujourd\u2019hui, qu\u2019il est le d\u00e9fenseur de la d\u00e9mocratie et de la Constitution, en soutenant ouvertement, le Parlement et le gouvernement tunisiens qui sont \u201cles seuls enfants l\u00e9gitimes de la r\u00e9volution\u201d.<\/p>\n<p>Reste \u00e0 savoir comment le conseil ou le parti Ennahdha vont d\u00e9montrer leur force et leur pouvoir de prot\u00e9ger tout ce syst\u00e8me\u2026 On esp\u00e8re que \u00e7\u00e0 ne sera pas \u00e0 travers la rue !<\/p>\n<div class=\"swp_social_panel swp_horizontal_panel swp_flat_fresh swp_default_full_color swp_individual_full_color swp_other_full_color scale-100 scale-\" data-min-width=\"1100\" data-float-color=\"#ffffff\" data-float=\"bottom\" data-float-mobile=\"bottom\" data-transition=\"slide\">\n<div class=\"nc_tweetContainer swp_share_button total_shares total_sharesalt\"><span class=\"swp_count\">19 <span class=\"swp_label\">Partages<\/span><\/span><\/div>\n<\/div>\n<p><strong>Que se passe-t-il en Tunisie?<\/strong><br \/>Nous expliquons sur notre <a href=\"https:\/\/www.youtube.com\/channel\/UCRzypVq0B_yBad5eGrwBx0Q?sub_confirmation=1\" target=\"_blank\" rel=\"noopener\">cha\u00eene YouTube<\/a> . <a href=\"https:\/\/www.youtube.com\/channel\/UCRzypVq0B_yBad5eGrwBx0Q?sub_confirmation=1\" target=\"_blank\" rel=\"noopener\">Abonnez-vous!<\/a><\/p>\n<div class=\"mvp-org-wrap\" itemprop=\"publisher\">\n<div class=\"mvp-org-logo\" itemprop=\"logo\"><img decoding=\"async\" src=\"https:\/\/www.tunisienumerique.com\/wp-content\/uploads\/2017\/02\/logo_tunisie_numerique.png\"\/><br \/>\n<meta itemprop=\"url\" content=\"https:\/\/www.tunisienumerique.com\/wp-content\/uploads\/2017\/02\/logo_tunisie_numerique.png\"\/><\/div>\n<p><meta content=\"Tunisie\"\/><\/div>\n<div class=\"mvp-related-posts left relative\">\n<h4 class=\"post-header\"><span class=\"post-header\">Lire aussi<\/span><\/h4>\n<\/div>\n<div id=\"article-ad\">\n <ins class=\"adsbygoogle c5\" data-ad-client=\"ca-pub-2102118777505746\" data-ad-slot=\"6513972734\" data-ad-format=\"auto\" data-full-width-responsive=\"true\"\/>\n<\/div>\n<\/div>\n<div id=\"post-sidebar-wrap\">\n <ins class=\"adsbygoogle c5\" data-ad-client=\"ca-pub-2102118777505746\" data-ad-slot=\"6168283410\" data-ad-format=\"auto\" data-full-width-responsive=\"true\"\/>\n<\/div>\n<p>Auteur: LM<br \/>\n<a href=\"https:\/\/www.tunisienumerique.com\/tunisie-comment-la-choura-dennahdha-pourra-t-elle-defendre-la-democratie-et-le-gouvernement\/\">Cliquez ici pour lire l&rsquo;article depuis sa source.<\/a><\/p>\n","protected":false},"excerpt":{"rendered":"<p>Par LM \u00a0| Il y a 2 heures \ud83d\udd0a \u00c9coutez l&rsquo;article Cet appel a \u00e9t\u00e9 lanc\u00e9, ce jour, par le d\u00e9put\u00e9 du bloc Ennahdha, Sa\u00efed Ferjani, \u00e0 travers sa page Facebook. Il a publi\u00e9 un post dans lequel il assure que des parties proches de la pr\u00e9sidence de la R\u00e9publique sont en train de saboter [&hellip;]<\/p>\n","protected":false},"author":1789,"featured_media":0,"comment_status":"closed","ping_status":"closed","sticky":false,"template":"","format":"standard","meta":{"fifu_image_url":"https:\/\/secure.gravatar.com\/avatar\/047123be9d5e8513774383916ee72db2?s=50&d=mm&r=g","fifu_image_alt":"Tunisie \u2013 Comment la Choura d\u2019Ennahdha pourra-t-elle d\u00e9fendre la d\u00e9mocratie et le gouvernement","footnotes":""},"categories":[73,55],"tags":[],"class_list":["post-115569","post","type-post","status-publish","format-standard","hentry","category-actualite","category-tunisie"],"_links":{"self":[{"href":"https:\/\/linitiative.ca\/International\/wp-json\/wp\/v2\/posts\/115569","targetHints":{"allow":["GET"]}}],"collection":[{"href":"https:\/\/linitiative.ca\/International\/wp-json\/wp\/v2\/posts"}],"about":[{"href":"https:\/\/linitiative.ca\/International\/wp-json\/wp\/v2\/types\/post"}],"author":[{"embeddable":true,"href":"https:\/\/linitiative.ca\/International\/wp-json\/wp\/v2\/users\/1789"}],"replies":[{"embeddable":true,"href":"https:\/\/linitiative.ca\/International\/wp-json\/wp\/v2\/comments?post=115569"}],"version-history":[{"count":0,"href":"https:\/\/linitiative.ca\/International\/wp-json\/wp\/v2\/posts\/115569\/revisions"}],"wp:attachment":[{"href":"https:\/\/linitiative.ca\/International\/wp-json\/wp\/v2\/media?parent=115569"}],"wp:term":[{"taxonomy":"category","embeddable":true,"href":"https:\/\/linitiative.ca\/International\/wp-json\/wp\/v2\/categories?post=115569"},{"taxonomy":"post_tag","embeddable":true,"href":"https:\/\/linitiative.ca\/International\/wp-json\/wp\/v2\/tags?post=115569"}],"curies":[{"name":"wp","href":"https:\/\/api.w.org\/{rel}","templated":true}]}}