{"id":11557,"date":"2019-02-05T08:09:40","date_gmt":"2019-02-05T13:09:40","guid":{"rendered":"https:\/\/linitiative.ca\/International\/creation-du-reseau-de-lutte-biologique-integree-en-algerie\/"},"modified":"2019-02-05T08:09:40","modified_gmt":"2019-02-05T13:09:40","slug":"creation-du-reseau-de-lutte-biologique-integree-en-algerie","status":"publish","type":"post","link":"https:\/\/linitiative.ca\/International\/creation-du-reseau-de-lutte-biologique-integree-en-algerie\/","title":{"rendered":"Cr\u00e9ation du r\u00e9seau de \u00ab\u00a0lutte biologique int\u00e9gr\u00e9e\u00a0\u00bb en Alg\u00e9rie  \u00a0"},"content":{"rendered":"<div>\n<div class=\"K2FeedImage\"><img decoding=\"async\" src=\"http:\/\/www.aps.dz\/media\/k2\/items\/cache\/52ae8902c60f846f97ac8559b1aedcbf_S.jpg\" alt=\"Cr\u00e9ation du r\u00e9seau de \" lutte biologique int en alg><\/div>\n<div class=\"K2FeedIntroText\">\n<p>\u00a0<\/p>\n<p>BATNA- Un r\u00e9seau de \u00ab\u00a0lutte biologique int\u00e9gr\u00e9e\u00a0\u00bb en Alg\u00e9rie a \u00e9t\u00e9 cr\u00e9\u00e9, mardi \u00e0 l\u2019universit\u00e9 Batna 2 \u00ab\u00a0chahid Mostefa Benboulaid\u00a0\u00bb, au terme des travaux du premier Colloque International sur la lutte biologique int\u00e9gr\u00e9e en Alg\u00e9rie (CILBIA 1), qui se tient dans la capitale des Aur\u00e8s (4-5 f\u00e9vrier).<\/p>\n<\/div>\n<div class=\"K2FeedFullText\">\n<p>Dans une d\u00e9claration \u00e0 l\u2019APS, le pr\u00e9sident du comit\u00e9 scientifique du colloque, Pr. Abdelkrim Si Bachir a affirm\u00e9 que \u00ab\u00a0ce r\u00e9seau repr\u00e9sentera l&rsquo;Alg\u00e9rie en Afrique du Nord et au sein de l\u2019organisation internationale de la lutte biologique int\u00e9gr\u00e9e\u00a0\u00bb, ajoutant que \u00ab\u00a0ce r\u00e9seau vise \u00e0 trouver un traitement efficace pour r\u00e9duire l&rsquo;utilisation des pesticides dans la lutte contre les maladies des plantes en recourant \u00e0 des m\u00e9thodes biologiques saines pour pr\u00e9server l&rsquo;environnement\u00a0\u00bb.<\/p>\n<blockquote>\n<p><em><strong>Selon la m\u00eame source, ce r\u00e9seau, qui sera initialement domicili\u00e9 \u00e0 Batna au si\u00e8ge de l&rsquo;association scientifique \u00ab\u00a0Biologie, Biodiversit\u00e9 et Durabilit\u00e9\u00a0\u00bb (BBD) pour la promotion des sciences biologiques et la durabilit\u00e9 de la biodiversit\u00e9, \u00ab\u00a0r\u00e9unira des chercheurs alg\u00e9riens dans ce domaine dans un cadre f\u00e9d\u00e9rant leurs efforts en vue de faire conna\u00eetre leurs travaux au niveau local et international, de m\u00eame qu\u2019il renforcera les rangs des repr\u00e9sentants de l&rsquo;organisation en Afrique du Nord et leur donnera un nouveau souffle\u00a0\u00bb.<\/strong><\/em><\/p>\n<\/blockquote>\n<p>Organis\u00e9 par l&rsquo;association scientifique \u00ab\u00a0Biologie, Biodiversit\u00e9 et Durabilit\u00e9\u00a0\u00bb, en coordination avec l\u2019organisation internationale de la lutte biologique et int\u00e9gr\u00e9e- Section r\u00e9gionale ouest pal\u00e9arctique (OILB-SROP),une organisation internationale de lutte contre les animaux et les plantes nuisibles, ce rendez-vous a \u00e9t\u00e9 abrit\u00e9 par la facult\u00e9 des sciences de la nature et la vie (SNV) de l\u2019universit\u00e9 Batna 2.<\/p>\n<p>Premi\u00e8re manifestation du genre, cette rencontre a vu la participation de 50 universit\u00e9s et instituts de recherches du pays et de chercheurs venus de France, de Tunisie et du Maroc qui ont notamment pr\u00e9sent\u00e9 des communications sur les derni\u00e8res recherches et techniques alternatives dans le domaine de l&rsquo;agriculture biologique.<\/p>\n<p>Ont \u00e9galement assist\u00e9 \u00e0 cette manifestation scientifique, le pr\u00e9sident de l&rsquo;organisation internationale de la lutte biologique et int\u00e9gr\u00e9e, Pr. Philippe NICOT, chercheur \u00e0 l\u2019unit\u00e9 de pathologie v\u00e9g\u00e9tale \u00e0 l\u2019INRA (France) ainsi que les repr\u00e9sentants de cette organisation en Tunisie et au Maroc.<\/p>\n<p>Les participants \u00e0 ce colloque, dont le chercheur Cherif Ghazi de l\u2019universit\u00e9 de Gharda\u00efa, ont mis l\u2019accent sur \u00ab\u00a0l\u2019importance de cette rencontre en mati\u00e8re d\u2019\u00e9change d&rsquo;exp\u00e9riences dans le domaine de la lutte biologique et int\u00e9gr\u00e9e\u00a0\u00bb qui vise le recours \u00e0 des m\u00e9thodes naturelles pour obtenir des produits sains et de qualit\u00e9, d\u2019autant que l&rsquo;Alg\u00e9rie poss\u00e8de de nombreuses cultures strat\u00e9giques.<\/p>\n<p>Ils ont \u00e9galement estim\u00e9 que \u00ab\u00a0la naissance du r\u00e9seau de lutte biologique et int\u00e9gr\u00e9e en Alg\u00e9rie est une \u00e9tape essentielle pour valoriser les recherches effectu\u00e9es, \u00e0 ce jour, dans ce domaine au niveau national, d\u2019autant que les m\u00e9thodes de lutte biologique et int\u00e9gr\u00e9e sont des proc\u00e9d\u00e9s efficaces et alternatifs pour combattre les insectes nuisibles et les maladies affectant les r\u00e9coltes, et ce, dans le respect des \u00e9cosyst\u00e8mes et de la sant\u00e9 des consommateurs\u00a0\u00bb .<\/p>\n<\/div>\n<\/div>\n","protected":false},"excerpt":{"rendered":"<p>\u00a0 BATNA- Un r\u00e9seau de \u00ab\u00a0lutte biologique int\u00e9gr\u00e9e\u00a0\u00bb en Alg\u00e9rie a \u00e9t\u00e9 cr\u00e9\u00e9, mardi \u00e0 l\u2019universit\u00e9 Batna 2 \u00ab\u00a0chahid Mostefa Benboulaid\u00a0\u00bb, au terme des travaux du premier Colloque International sur la lutte biologique int\u00e9gr\u00e9e en Alg\u00e9rie (CILBIA 1), qui se tient dans la capitale des Aur\u00e8s (4-5 f\u00e9vrier). Dans une d\u00e9claration \u00e0 l\u2019APS, le pr\u00e9sident [&hellip;]<\/p>\n","protected":false},"author":1790,"featured_media":11558,"comment_status":"closed","ping_status":"closed","sticky":false,"template":"","format":"standard","meta":{"fifu_image_url":"","fifu_image_alt":"","footnotes":""},"categories":[53,76],"tags":[],"class_list":["post-11557","post","type-post","status-publish","format-standard","has-post-thumbnail","hentry","category-algerie","category-regions"],"_links":{"self":[{"href":"https:\/\/linitiative.ca\/International\/wp-json\/wp\/v2\/posts\/11557","targetHints":{"allow":["GET"]}}],"collection":[{"href":"https:\/\/linitiative.ca\/International\/wp-json\/wp\/v2\/posts"}],"about":[{"href":"https:\/\/linitiative.ca\/International\/wp-json\/wp\/v2\/types\/post"}],"author":[{"embeddable":true,"href":"https:\/\/linitiative.ca\/International\/wp-json\/wp\/v2\/users\/1790"}],"replies":[{"embeddable":true,"href":"https:\/\/linitiative.ca\/International\/wp-json\/wp\/v2\/comments?post=11557"}],"version-history":[{"count":0,"href":"https:\/\/linitiative.ca\/International\/wp-json\/wp\/v2\/posts\/11557\/revisions"}],"wp:featuredmedia":[{"embeddable":true,"href":"https:\/\/linitiative.ca\/International\/wp-json\/"}],"wp:attachment":[{"href":"https:\/\/linitiative.ca\/International\/wp-json\/wp\/v2\/media?parent=11557"}],"wp:term":[{"taxonomy":"category","embeddable":true,"href":"https:\/\/linitiative.ca\/International\/wp-json\/wp\/v2\/categories?post=11557"},{"taxonomy":"post_tag","embeddable":true,"href":"https:\/\/linitiative.ca\/International\/wp-json\/wp\/v2\/tags?post=11557"}],"curies":[{"name":"wp","href":"https:\/\/api.w.org\/{rel}","templated":true}]}}