{"id":115570,"date":"2021-04-25T08:10:12","date_gmt":"2021-04-25T12:10:12","guid":{"rendered":"https:\/\/linitiative.ca\/International\/hospitalisation-de-brahim-ghali-le-maroc-deplore-lattitude-de-lespagne\/"},"modified":"2021-04-25T08:10:12","modified_gmt":"2021-04-25T12:10:12","slug":"hospitalisation-de-brahim-ghali-le-maroc-deplore-lattitude-de-lespagne","status":"publish","type":"post","link":"https:\/\/linitiative.ca\/International\/hospitalisation-de-brahim-ghali-le-maroc-deplore-lattitude-de-lespagne\/","title":{"rendered":"<div>Hospitalisation de Brahim Ghali: Le Maroc d\u00e9plore l&rsquo;attitude de l&rsquo;Espagne<\/div>"},"content":{"rendered":"<p>Le Maroc s&rsquo;exprime sur l&rsquo;hospitalisation du chef du polisario en Espagne. Dans un communiqu\u00e9, le minist\u00e8re des Affaires \u00e9trang\u00e8res, de la Coop\u00e9ration africaine et des Marocains r\u00e9sidant \u00e0 l&rsquo;\u00e9tranger d\u00e9plore l&rsquo;attitude de l\u2019Espagne qui accueille sur son territoire le d\u00e9nomm\u00e9 Brahim Ghali, chef des milices s\u00e9paratistes du \u00ab\u00a0polisario\u00a0\u00bb, poursuivi pour des crimes de guerre s\u00e9rieux et des atteintes graves aux droits de l\u2019homme, a indiqu\u00e9 dimanche le minist\u00e8re.<\/p>\n<p>\u00ab\u00a0Le Maroc exprime sa d\u00e9ception \u00e0 l\u2019\u00e9gard de cet acte contraire \u00e0 l\u2019esprit de partenariat et de bon voisinage et qui concerne une question fondamentale pour le peuple marocain et ses forces vives\u00a0\u00bb, ajoute le d\u00e9partement de Nasser Bourita. Pour le minist\u00e8re, l\u2019attitude de l\u2019Espagne suscite une grande incompr\u00e9hension et des interrogations l\u00e9gitimes : Pourquoi le d\u00e9nomm\u00e9 Brahim Ghali a \u00e9t\u00e9 admis en Espagne en catimini et avec un faux passeport ? Pourquoi l\u2019Espagne a jug\u00e9 utile de ne pas en aviser le Maroc ? Pourquoi a-t-elle opt\u00e9 pour son admission sous une fausse identit\u00e9 ? Et pourquoi la justice espagnole n\u2019a pas encore r\u00e9agi aux nombreuses plaintes d\u00e9pos\u00e9es par les victimes ?<\/p>\n<p>\u00ab\u00a0C&rsquo;est pour cela que l\u2019Ambassadeur d\u2019Espagne \u00e0 Rabat a \u00e9t\u00e9 convoqu\u00e9 au minist\u00e8re des Affaires \u00e9trang\u00e8res, de la Coop\u00e9ration africaine et des Marocains r\u00e9sidant \u00e0 l\u2019\u00e9tranger, afin que lui soit communiqu\u00e9e cette position et pour exiger de lui les explications n\u00e9cessaires sur l\u2019attitude de son gouvernement\u00a0\u00bb, conclut le communiqu\u00e9.<\/p>\n<p>Auteur: hgueye<br \/>\n<a href=\"https:\/\/www.leconomiste.com\/flash-infos\/hospitalisation-de-brahim-ghali-le-maroc-deplore-l-attitude-de-l-espagne\">Cliquez ici pour lire l&rsquo;article depuis sa source.<\/a><\/p>\n","protected":false},"excerpt":{"rendered":"<p>Le Maroc s&rsquo;exprime sur l&rsquo;hospitalisation du chef du polisario en Espagne. Dans un communiqu\u00e9, le minist\u00e8re des Affaires \u00e9trang\u00e8res, de la Coop\u00e9ration africaine et des Marocains r\u00e9sidant \u00e0 l&rsquo;\u00e9tranger d\u00e9plore l&rsquo;attitude de l\u2019Espagne qui accueille sur son territoire le d\u00e9nomm\u00e9 Brahim Ghali, chef des milices s\u00e9paratistes du \u00ab\u00a0polisario\u00a0\u00bb, poursuivi pour des crimes de guerre s\u00e9rieux [&hellip;]<\/p>\n","protected":false},"author":1763,"featured_media":0,"comment_status":"closed","ping_status":"closed","sticky":false,"template":"","format":"standard","meta":{"fifu_image_url":"","fifu_image_alt":"","footnotes":""},"categories":[78,54],"tags":[],"class_list":["post-115570","post","type-post","status-publish","format-standard","hentry","category-economie","category-maroc"],"_links":{"self":[{"href":"https:\/\/linitiative.ca\/International\/wp-json\/wp\/v2\/posts\/115570","targetHints":{"allow":["GET"]}}],"collection":[{"href":"https:\/\/linitiative.ca\/International\/wp-json\/wp\/v2\/posts"}],"about":[{"href":"https:\/\/linitiative.ca\/International\/wp-json\/wp\/v2\/types\/post"}],"author":[{"embeddable":true,"href":"https:\/\/linitiative.ca\/International\/wp-json\/wp\/v2\/users\/1763"}],"replies":[{"embeddable":true,"href":"https:\/\/linitiative.ca\/International\/wp-json\/wp\/v2\/comments?post=115570"}],"version-history":[{"count":0,"href":"https:\/\/linitiative.ca\/International\/wp-json\/wp\/v2\/posts\/115570\/revisions"}],"wp:attachment":[{"href":"https:\/\/linitiative.ca\/International\/wp-json\/wp\/v2\/media?parent=115570"}],"wp:term":[{"taxonomy":"category","embeddable":true,"href":"https:\/\/linitiative.ca\/International\/wp-json\/wp\/v2\/categories?post=115570"},{"taxonomy":"post_tag","embeddable":true,"href":"https:\/\/linitiative.ca\/International\/wp-json\/wp\/v2\/tags?post=115570"}],"curies":[{"name":"wp","href":"https:\/\/api.w.org\/{rel}","templated":true}]}}