{"id":115573,"date":"2021-04-25T08:55:42","date_gmt":"2021-04-25T12:55:42","guid":{"rendered":"https:\/\/linitiative.ca\/International\/ramadan-audience-tv-al-aoula-confirme-sa-position-de-leader\/"},"modified":"2021-04-25T08:55:42","modified_gmt":"2021-04-25T12:55:42","slug":"ramadan-audience-tv-al-aoula-confirme-sa-position-de-leader","status":"publish","type":"post","link":"https:\/\/linitiative.ca\/International\/ramadan-audience-tv-al-aoula-confirme-sa-position-de-leader\/","title":{"rendered":"Ramadan\/ Audience TV: Al Aoula confirme sa position de leader"},"content":{"rendered":"<p class=\"rtejustify\">Al Aoula r\u00e9alise de bons scores durant les 10 premiers jours de Ramadan. La cha\u00eene a en effet consolid\u00e9 sa position de leader en \u00e9tant le premier choix des t\u00e9l\u00e9spectateurs marocains, en mati\u00e8re d\u2019information, de fiction et de documentaire, selon les derniers r\u00e9sultats d\u2019audience. En termes de part de march\u00e9 pendant le \u2018ftour\u2019, Al Aoula r\u00e9alise ainsi une hausse de 34% en moyenne par rapport \u00e0 l\u2019ann\u00e9e derni\u00e8re. La cha\u00eene reste la premi\u00e8re source d\u2019informations des marocains avec une moyenne de 5 millions de t\u00e9l\u00e9spectateurs, selon les r\u00e9sultats qu\u2019elle a communiqu\u00e9s.<\/p>\n<p class=\"rtejustify\">\u00ab\u00a0Le chiffre le plus \u00e9lev\u00e9 des t\u00e9l\u00e9spectateurs des JTs a pu atteindre 37,4% de part d\u2019audience. En mati\u00e8re de fiction, Al Aoula est en t\u00eate de classement avec &lsquo;Bnat l\u00e2assass&rsquo;\u00a0qui est le seul feuilleton marocain rassemblant 7 millions de t\u00e9l\u00e9spectateurs avec une part de march\u00e9 atteignant 46,1 % en moyenne\u00a0\u00bb, ajoute la cha\u00eene. Ces performances sont aussi not\u00e9es sur la plateforme YouTube o\u00f9 Al Aoula\u00a0est \u00e9galement en t\u00eate au Maroc.<\/p>\n<p class=\"rtejustify\">Concernant le documentaire, la cha\u00eene se distingue aussi gr\u00e2ce \u00e0 &lsquo;Amalay ; le voyageur en langue amazigh&rsquo;,\u00a0qui a pu atteindre 23% de part d\u2019audience lors de sa diffusion le mercredi 21 avril 2021 \u00e0 minuit. Quant \u00e0 &lsquo;Dar Lhna&rsquo;, il est le programme phare dans ce genre en r\u00e9unissant 3,31 millions de t\u00e9l\u00e9spectateurs gr\u00e2ce au retour des stars du th\u00e9\u00e2tre marocain Mohamed Eljem et Nezha Regragui. De son c\u00f4t\u00e9, la s\u00e9rie &lsquo;Sla w sslam&rsquo;\u00a0r\u00e9unit 4,6 millions de t\u00e9l\u00e9spectateurs en enregistrant 48,9% de part d\u2019audience, alors que la soir\u00e9e de divertissement &lsquo;Jma\u00e2tna Zina&rsquo;, qui a donn\u00e9 un coup de projecteur sur le riche panorama musical marocain, s\u2019est accapar\u00e9e de 32% de part d\u2019audience le samedi 17 avril.<\/p>\n<p>Auteur: hgueye<br \/>\n<a href=\"https:\/\/www.leconomiste.com\/flash-infos\/ramadan-audience-tv-al-aoula-confirme-sa-position-de-leader\">Cliquez ici pour lire l&rsquo;article depuis sa source.<\/a><\/p>\n","protected":false},"excerpt":{"rendered":"<p>Al Aoula r\u00e9alise de bons scores durant les 10 premiers jours de Ramadan. La cha\u00eene a en effet consolid\u00e9 sa position de leader en \u00e9tant le premier choix des t\u00e9l\u00e9spectateurs marocains, en mati\u00e8re d\u2019information, de fiction et de documentaire, selon les derniers r\u00e9sultats d\u2019audience. En termes de part de march\u00e9 pendant le \u2018ftour\u2019, Al Aoula [&hellip;]<\/p>\n","protected":false},"author":1763,"featured_media":0,"comment_status":"closed","ping_status":"closed","sticky":false,"template":"","format":"standard","meta":{"fifu_image_url":"","fifu_image_alt":"","footnotes":""},"categories":[78,54],"tags":[],"class_list":["post-115573","post","type-post","status-publish","format-standard","hentry","category-economie","category-maroc"],"_links":{"self":[{"href":"https:\/\/linitiative.ca\/International\/wp-json\/wp\/v2\/posts\/115573","targetHints":{"allow":["GET"]}}],"collection":[{"href":"https:\/\/linitiative.ca\/International\/wp-json\/wp\/v2\/posts"}],"about":[{"href":"https:\/\/linitiative.ca\/International\/wp-json\/wp\/v2\/types\/post"}],"author":[{"embeddable":true,"href":"https:\/\/linitiative.ca\/International\/wp-json\/wp\/v2\/users\/1763"}],"replies":[{"embeddable":true,"href":"https:\/\/linitiative.ca\/International\/wp-json\/wp\/v2\/comments?post=115573"}],"version-history":[{"count":0,"href":"https:\/\/linitiative.ca\/International\/wp-json\/wp\/v2\/posts\/115573\/revisions"}],"wp:attachment":[{"href":"https:\/\/linitiative.ca\/International\/wp-json\/wp\/v2\/media?parent=115573"}],"wp:term":[{"taxonomy":"category","embeddable":true,"href":"https:\/\/linitiative.ca\/International\/wp-json\/wp\/v2\/categories?post=115573"},{"taxonomy":"post_tag","embeddable":true,"href":"https:\/\/linitiative.ca\/International\/wp-json\/wp\/v2\/tags?post=115573"}],"curies":[{"name":"wp","href":"https:\/\/api.w.org\/{rel}","templated":true}]}}