{"id":115578,"date":"2021-04-25T10:20:00","date_gmt":"2021-04-25T14:20:00","guid":{"rendered":"https:\/\/linitiative.ca\/International\/azza-filali-tunisie-et-si-on-en-parlait-autrement\/"},"modified":"2021-04-25T10:20:00","modified_gmt":"2021-04-25T14:20:00","slug":"azza-filali-tunisie-et-si-on-en-parlait-autrement","status":"publish","type":"post","link":"https:\/\/linitiative.ca\/International\/azza-filali-tunisie-et-si-on-en-parlait-autrement\/","title":{"rendered":"Azza Filali &#8211; Tunisie : Et si on en parlait autrement?"},"content":{"rendered":"<p><img decoding=\"async\" src=\"\/uploads\/FCK_files\/Azza-Filali(4).jpg\" alt=\"\" width=\"20%\" vspace=\"5\" hspace=\"5\" align=\"left\"\/>Dans notre pays, la vie publique ne laisse plus grand place \u00e0 la r\u00e9flexion : le Covid continue \u00e0 grimper et les vaccins \u00e0 nous parvenir au compte-goutte. Chez les politicards, la bassesse est reine ; les vilenies succ\u00e8dent aux vilenies avec, comme unique r\u00e9action, une indignation aussi st\u00e9rile que de bon aloi. Examinons d\u2019abord les opinions qui pr\u00e9valent aujourd\u2019hui : depuis 2011, le pays a souffert de r\u00e9gimes politiques successifs, l\u2019ayant men\u00e9 \u00e0 une faillite d\u00e9clar\u00e9e.\u00a0 Les in\u00e9galit\u00e9s \u00e9conomiques et sociales se sont creus\u00e9es, la classe moyenne, fleuron du pays jusqu\u2019en 2010, a fondu comme neige au soleil. D\u00e9sormais, \u00ab l\u2019\u00e9lite \u00bb politique est parvenue au plus bas de la comp\u00e9tence et de la morale. Elle semble m\u00eame dispos\u00e9e \u00e0 tomber plus s\u2019il le faut : un pr\u00e9sident du parlement, anim\u00e9 du d\u00e9sir forcen\u00e9 de s\u2019installer au palais de Carthage ! Un chef du gouvernement, aspirant \u00e0 une carri\u00e8re ascendante, et pr\u00eat \u00e0 tous les compromis pour y parvenir. Un pr\u00e9sident de la r\u00e9publique qui, tel Don Quichotte,qui n\u2019arr\u00eate pas de se battre contre les moulins \u00e0 vent, en d\u00e9non\u00e7ant les tra\u00eetres de tous bords. Tra\u00eetres qu\u2019il omet soigneusement de d\u00e9ranger dans leurs obscures tractations.<\/p>\n<p>Voil\u00e0 ce qu\u2019on entend, ce qu\u2019on lit, ce qu\u2019on commente. Mais, est-ce vraiment l\u2019unique analyse possible ? Pourrions-nous porter un autre regard sur ces \u00e9v\u00e9nements qui se pr\u00e9cipitent ? Si nous parlions de la cupidit\u00e9, par exemple ! Puisque nous sommes en plein dedans!<\/p>\n<p>Ah cette bonne vieille cupidit\u00e9 qui a travers\u00e9 si\u00e8cles et continents sans prendre une ride ! Discr\u00e8tement d\u00e9finie par un dictionnaire frileux comme : \u00ab la recherche immod\u00e9r\u00e9e de gains et de pouvoir \u00bb, le d\u00e9sir d\u2019avoir plus, toujours plus. Pourtant, ceux qui jouent \u00e0 cette triste loterie de l\u2019existence savent pertinemment qu\u2019ils quitteront un jour la terre comme ils y ont d\u00e9barqu\u00e9 : nus et sans bagages.<\/p>\n<p>Lorsqu\u2019on se tourne du c\u00f4t\u00e9 des \u00e9conomistes, ils ne tarissent pas d\u2019\u00e9loges sur cette cupidit\u00e9 qui est pour eux le moteur du capitalisme. Elle, qui maintient un \u00e9quilibre entre pays, mauvais \u00e9quilibre mais qui vaut mieux que pas d\u2019\u00e9quilibre du tout ! C\u2019est la cupidit\u00e9 qui r\u00e9gule les march\u00e9s financiers et permet aux riches de devenir plus riches et aux pauvres de d\u00e9gringoler encore et toujours. Elle, qui existe \u00e0 travers tous les pays du monde quelle que soit la devise \u00e9conomique qu\u2019ils affichent : de la Russie \u00e0 la Chine, de l\u2019Inde \u00e0 l\u2019Ouzb\u00e9kistan !\u00a0 C\u2019est l\u2019opinion de Warren Buffet, deuxi\u00e8me homme le plus riche au monde, (apr\u00e8s le sieur Bill Gates), \u00e9conomiste Nob\u00e9lis\u00e9 (voil\u00e0 qui \u00f4te tout cr\u00e9dit au prix Nobel.) Pour conforter l\u2019opinion de Mr Buffet, quelques chiffres : en 2020, ceux qu\u2019on nomme les \u00ab ultra-riches \u00bb, soit 250.000 personnes environ, poss\u00e8dent 99% des richesses de la plan\u00e8te, soit l\u2019\u00e9quivalent de 40.000 milliards de dollars. Quand on pense que du c\u00f4t\u00e9 de chez nous, on se tourmente pour 2700 milliards, qui seraient capitalis\u00e9s par quelque sbire\u2026<\/p>\n<p>Apr\u00e8s l\u2019\u00e9conomie, la psycho-histoire prend le relais. Pour elle, la cupidit\u00e9 n\u2019est que la part \u00e9merg\u00e9e de l\u2019iceberg : elle serait sous-tendue par un manque infantile, inscrit dans notre cerveau reptilien et li\u00e9 \u00e0 une carence dans la relation \u00e0 la m\u00e8re : peu d\u2019attention, peu d\u2019affects, peu de chaleur maternelle\u2026 D\u2019o\u00f9 une empreinte c\u00e9r\u00e9brale tr\u00e8s ancienne, qui d\u00e9termine le futur adulte \u00e0 combler le manque par une course aux richesses et aux honneurs.<\/p>\n<p>Economistes et psychologues font ce qu\u2019ils peuvent. Leurs explications, un peu r\u00e9ductrices, au vu de l\u2019ampleur de la cupidit\u00e9, sugg\u00e8rent que nous porterions tous un manque d\u2019affection, de chaleur maternelle et autres gri-gri\u2026 Explication peu convaincante, et surtout st\u00e9rile.<\/p>\n<p>A ce propos, j\u2019aimerais vous livrer une anecdote savoureuse, rencontr\u00e9e lors d\u2019une lecture portant sur l\u2019or : chez les pharaons, l\u2019or \u00e9tait synonyme de pouvoir et de sacralit\u00e9, mais il ne poss\u00e9dait aucune valeur commerciale. Il a fallu attendre les grecs pour que soient battues les premi\u00e8res pi\u00e8ces en or \u00e0 valeur marchande. Cette conversion a eu lieu 5 si\u00e8cles avant J.C, sous le r\u00e8gne de l\u2019empereur \u00ab Cr\u00e9sus \u00bb, l\u2019or \u00e9tant ramass\u00e9 au fond d\u2019un fleuve nomm\u00e9 \u00ab pactole. \u00bb Joli, non ? Lorsqu\u2019on suit les mots \u00e0 la trace, ils nous m\u00e8nent souvent aux \u00e9vidences\u2026<\/p>\n<p>Mais, laissons l\u00e0 les Grecs et revenons chez nous. D\u00e9tournons les yeux de la mafia politique, pour nous pr\u00e9occuper du citoyen lambda. Souffrant de la chert\u00e9 de la vie, peinant \u00e0 joindre les deux bouts, capable d\u2019endurer et de se taire: un silence assourdissant. A intervalles r\u00e9guliers, des citoyens manifestent \u00e0 travers le pays, r\u00e9clamant un \u00ab mieux-\u00eatre \u00bb : travailler, \u00eatre pay\u00e9 plus, recevoir les indemnit\u00e9s ou les hausses de salaires, promises par l\u2019Ugtt. En somme, la majorit\u00e9 des revendications citoyennes portent sur \u00ab le portefeuille \u00bb. Tout cela est parfaitement l\u00e9gitime, au vu des in\u00e9galit\u00e9s sociales, et de la profonde p\u00e9nurie endur\u00e9e par le Tunisien, mais faut-il remonter au 14 janvier 2011 pour voir un pays entier scander son droit \u00e0 des valeurs et non \u00e0 un surplus de gains ? Souvenons-nous du fameux : \u00ab travail, libert\u00e9, dignit\u00e9 nationale ! \u00bb Aujourd\u2019hui, si l\u2019acc\u00e8s au travail demeure une revendication constante, la demande de gains, de salaires accrus, d\u2019indemnisations, repr\u00e9sente l\u2019essentiel des slogans clam\u00e9s par les foules.<\/p>\n<p>Et ceci ne concerne pas que les plus mal lotis : r\u00e9cemment, magistrats et m\u00e9decins hospitaliers ont entam\u00e9 des gr\u00e8ves r\u00e9clamant une hausse de leurs salaires. Il est ind\u00e9niable que les m\u00e9decins Tunisiens sont mal pay\u00e9s, et que pour les retenir au pays, il faut les tracter par des salaires bien plus \u00e9lev\u00e9s que ceux qu\u2019ils per\u00e7oivent. Mais, magistrats et m\u00e9decins ne figurent pas parmi les Tunisiens les plus d\u00e9munis au plan financier. Est-il moral que, chez des m\u00e9decins hospitaliers, une gr\u00e8ve r\u00e9clamant une augmentation de salaire, dure sept semaines jusqu\u2019\u00e0 ce qu\u2019ils obtiennent gain de cause, de la part d\u2019un \u00e9tat exsangue ?<br \/>En somme, quel que soit le niveau de l\u2019\u00e9chelle sociale, les manifestations populaires portent en majorit\u00e9 sur le d\u00e9sir de gagner plus, via l\u2019obtention d\u2019un emploi ou d\u2019une hausse salariale. Tout ceci assorti \u00e0 une violence inh\u00e9rente aux manifestations elles-m\u00eames, \u00e0 l\u2019\u00e2pret\u00e9 et \u00e0 l\u2019intransigeance des revendications. Or qu\u2019est-ce qu\u2019une demande de richesses accrues, selon un mode violent et intraitable, sinon la d\u00e9finition m\u00eame de la cupidit\u00e9 ?<\/p>\n<p>En d\u00e9finitive, tout est question d\u2019\u00e9chelle mais le \u00ab moteur \u00bb qui anime les individus est le m\u00eame !\u00a0 Sans vouloir innocenter la classe politique et la p\u00e8gre qui l\u2019entoure, tout se passe comme si on \u00e9rigeait symboliquement ces mafieux en \u00ab boucs \u00e9missaires \u00bb pour se d\u00e9douaner de sa propre cupidit\u00e9 ! Nos compatriotes devraient moins s\u2019indigner des agissements d\u2019autrui, et balayer plus soigneusement devant leur porte\u2026\u00a0\u00a0<\/p>\n<p class=\"c2\"><strong>Azza Filali<\/strong><\/p>\n<p>Auteur:<br \/>\n<a href=\"https:\/\/www.leaders.com.tn\/article\/31778-azza-filali-et-si-on-en-parlait-autrement\">Cliquez ici pour lire l&rsquo;article depuis sa source.<\/a><\/p>\n","protected":false},"excerpt":{"rendered":"<p>Dans notre pays, la vie publique ne laisse plus grand place \u00e0 la r\u00e9flexion : le Covid continue \u00e0 grimper et les vaccins \u00e0 nous parvenir au compte-goutte. Chez les politicards, la bassesse est reine ; les vilenies succ\u00e8dent aux vilenies avec, comme unique r\u00e9action, une indignation aussi st\u00e9rile que de bon aloi. Examinons d\u2019abord [&hellip;]<\/p>\n","protected":false},"author":1772,"featured_media":0,"comment_status":"closed","ping_status":"closed","sticky":false,"template":"","format":"standard","meta":{"fifu_image_url":"\/uploads\/FCK_files\/Azza-Filali(4).jpg","fifu_image_alt":"Azza Filali - Tunisie : Et si on en parlait autrement?","footnotes":""},"categories":[73,55],"tags":[],"class_list":["post-115578","post","type-post","status-publish","format-standard","hentry","category-actualite","category-tunisie"],"_links":{"self":[{"href":"https:\/\/linitiative.ca\/International\/wp-json\/wp\/v2\/posts\/115578","targetHints":{"allow":["GET"]}}],"collection":[{"href":"https:\/\/linitiative.ca\/International\/wp-json\/wp\/v2\/posts"}],"about":[{"href":"https:\/\/linitiative.ca\/International\/wp-json\/wp\/v2\/types\/post"}],"author":[{"embeddable":true,"href":"https:\/\/linitiative.ca\/International\/wp-json\/wp\/v2\/users\/1772"}],"replies":[{"embeddable":true,"href":"https:\/\/linitiative.ca\/International\/wp-json\/wp\/v2\/comments?post=115578"}],"version-history":[{"count":0,"href":"https:\/\/linitiative.ca\/International\/wp-json\/wp\/v2\/posts\/115578\/revisions"}],"wp:attachment":[{"href":"https:\/\/linitiative.ca\/International\/wp-json\/wp\/v2\/media?parent=115578"}],"wp:term":[{"taxonomy":"category","embeddable":true,"href":"https:\/\/linitiative.ca\/International\/wp-json\/wp\/v2\/categories?post=115578"},{"taxonomy":"post_tag","embeddable":true,"href":"https:\/\/linitiative.ca\/International\/wp-json\/wp\/v2\/tags?post=115578"}],"curies":[{"name":"wp","href":"https:\/\/api.w.org\/{rel}","templated":true}]}}