{"id":115579,"date":"2021-04-25T13:31:18","date_gmt":"2021-04-25T17:31:18","guid":{"rendered":"https:\/\/linitiative.ca\/International\/international-man-city-guardiola-sexplique-pour-sterling\/"},"modified":"2021-04-25T13:31:18","modified_gmt":"2021-04-25T17:31:18","slug":"international-man-city-guardiola-sexplique-pour-sterling","status":"publish","type":"post","link":"https:\/\/linitiative.ca\/International\/international-man-city-guardiola-sexplique-pour-sterling\/","title":{"rendered":"International : Man City : Guardiola s&rsquo;explique pour Sterling"},"content":{"rendered":"<div readability=\"32\">\n<p>Auteur : <span class=\"time\">dimanche 25 avril 2021 15:00<\/span><\/p>\n<\/div>\n<div id=\"post_core\" readability=\"47\">\n<p>Une situation qui intrigue en Angleterre, o\u00f9 de nombreux m\u00e9dias s&rsquo;interrogent sur la gestion de l&rsquo;international anglais \u00e0 l&rsquo;approche de l&rsquo;Euro. Avant la finale de League Cup face \u00e0 Tottenham ce dimanche, l&rsquo;entra\u00eeneur des Skyblues a \u00e9voqu\u00e9 la situation de son ailier.<\/p>\n<p>\u00ab\u00a0Raheem est un joueur extraordinaire. Il l\u2019\u00e9tait, il l\u2019est et le sera. La raison pour laquelle il n\u2019a pas jou\u00e9 aussi r\u00e9guli\u00e8rement que dans les saisons pr\u00e9c\u00e9dentes c\u2019est parce que Phil Foden et Riyad Mahrez sont au top, en tr\u00e8s grande forme. C\u2019est la seule raison\u00a0\u00bb, a insist\u00e9 le technicien catalan. \u00ab\u00a0Mais des opportunit\u00e9s vont se pr\u00e9senter et Raheem Sterling doit \u00eatre pr\u00eat \u00e0 montrer sa qualit\u00e9, a ajout\u00e9 Guardiola. Il doit aussi montrer sa fra\u00eecheur mentale et jouer avec l\u2019incroyable force qu\u2019il a.\u00a0\u00bb Source : Maxifoot.<\/p>\n<p><strong>Publi\u00e9 dans :<\/strong> <span>Sterling<\/span> <span>Man City : Guardiola<\/span><\/p>\n<\/div>\n<p>Auteur:<br \/>\n<a href=\"http:\/\/www.lebuteur.com\/article\/detail?titre=man-city-guardiola-sexplique-pour-sterling&#038;id=99832&#038;utm_source=feedburner&#038;utm_medium=feed&#038;utm_campaign=Feed%3A+GalerieFArtciles+%28Les+derniers+articles++-+lebuteur.com%29\">Cliquez ici pour lire l&rsquo;article depuis sa source.<\/a><\/p>\n","protected":false},"excerpt":{"rendered":"<p>Auteur : dimanche 25 avril 2021 15:00 Une situation qui intrigue en Angleterre, o\u00f9 de nombreux m\u00e9dias s&rsquo;interrogent sur la gestion de l&rsquo;international anglais \u00e0 l&rsquo;approche de l&rsquo;Euro. Avant la finale de League Cup face \u00e0 Tottenham ce dimanche, l&rsquo;entra\u00eeneur des Skyblues a \u00e9voqu\u00e9 la situation de son ailier. \u00ab\u00a0Raheem est un joueur extraordinaire. Il [&hellip;]<\/p>\n","protected":false},"author":1738,"featured_media":0,"comment_status":"closed","ping_status":"closed","sticky":false,"template":"","format":"standard","meta":{"fifu_image_url":"\/\/cdn.lebuteur.com\/data\/images\/article\/thumbs\/large-99832man-city-guardiola-sexplique-pour-sterling-b8bc8.jpg","fifu_image_alt":"International : Man City : Guardiola s'explique pour Sterling","footnotes":""},"categories":[53,75],"tags":[],"class_list":["post-115579","post","type-post","status-publish","format-standard","hentry","category-algerie","category-sport"],"_links":{"self":[{"href":"https:\/\/linitiative.ca\/International\/wp-json\/wp\/v2\/posts\/115579","targetHints":{"allow":["GET"]}}],"collection":[{"href":"https:\/\/linitiative.ca\/International\/wp-json\/wp\/v2\/posts"}],"about":[{"href":"https:\/\/linitiative.ca\/International\/wp-json\/wp\/v2\/types\/post"}],"author":[{"embeddable":true,"href":"https:\/\/linitiative.ca\/International\/wp-json\/wp\/v2\/users\/1738"}],"replies":[{"embeddable":true,"href":"https:\/\/linitiative.ca\/International\/wp-json\/wp\/v2\/comments?post=115579"}],"version-history":[{"count":0,"href":"https:\/\/linitiative.ca\/International\/wp-json\/wp\/v2\/posts\/115579\/revisions"}],"wp:attachment":[{"href":"https:\/\/linitiative.ca\/International\/wp-json\/wp\/v2\/media?parent=115579"}],"wp:term":[{"taxonomy":"category","embeddable":true,"href":"https:\/\/linitiative.ca\/International\/wp-json\/wp\/v2\/categories?post=115579"},{"taxonomy":"post_tag","embeddable":true,"href":"https:\/\/linitiative.ca\/International\/wp-json\/wp\/v2\/tags?post=115579"}],"curies":[{"name":"wp","href":"https:\/\/api.w.org\/{rel}","templated":true}]}}