{"id":115583,"date":"2021-04-25T13:31:23","date_gmt":"2021-04-25T17:31:23","guid":{"rendered":"https:\/\/linitiative.ca\/International\/pros-fc-crotone-la-place-dounas-est-a-naples-et-non-pas-en-serie-b\/"},"modified":"2021-04-25T13:31:23","modified_gmt":"2021-04-25T17:31:23","slug":"pros-fc-crotone-la-place-dounas-est-a-naples-et-non-pas-en-serie-b","status":"publish","type":"post","link":"https:\/\/linitiative.ca\/International\/pros-fc-crotone-la-place-dounas-est-a-naples-et-non-pas-en-serie-b\/","title":{"rendered":"Pros : FC Crotone : \u00abLa place d\u2019Ounas est \u00e0 Naples, et non pas en S\u00e9rie B\u00bb"},"content":{"rendered":"<div readability=\"32\">\n<p>Auteur : <span>Riad O.<\/span> <span class=\"time\">dimanche 25 avril 2021 16:44<\/span><\/p>\n<\/div>\n<div id=\"post_core\" readability=\"43\">\n<p>Auteur d\u2019une nouvelle grosse prestation hier face \u00e0 Parme, Adam Ounas a eu droit aux \u00e9loges de la presse italienne. Le journaliste de Sky Sport, Paolo Cond\u00f2 a, ainsi, fait les louanges du tr\u00e8s technique joueur milieu de terrain de l\u2019EN en d\u00e9clarant\u00a0:\u00a0\u00abNous avons eu, une nouvelle fois, la confirmation que le niveau d\u2019Ounas est sup\u00e9rieur \u00e0 Crotone ou \u00e0 la S\u00e9rie B.\u00bb a-t-il d\u00e9clar\u00e9, avant d\u2019ajouter\u00a0:\u00a0\u00abHeureusement, qu\u2019il est encore sous contrat avec le Napoli. Je pense que ce sont seulement les blessures qui l\u2019ont emp\u00each\u00e9 de s\u2019imposer \u00e0 Naples.\u00bb<\/p>\n<p><span class=\"c2\"><strong>Riad O.<\/strong><\/span><\/p>\n<p><strong>Publi\u00e9 dans :<\/strong> <span>Ounas<\/span><\/p>\n<\/div>\n<p>Auteur:<br \/>\n<a href=\"http:\/\/www.lebuteur.com\/article\/detail?titre=fc-crotone-la-place-dounas-est-a-naples-et-non-pas-en-serie-b&#038;id=99834&#038;utm_source=feedburner&#038;utm_medium=feed&#038;utm_campaign=Feed%3A+GalerieFArtciles+%28Les+derniers+articles++-+lebuteur.com%29\">Cliquez ici pour lire l&rsquo;article depuis sa source.<\/a><\/p>\n","protected":false},"excerpt":{"rendered":"<p>Auteur : Riad O. dimanche 25 avril 2021 16:44 Auteur d\u2019une nouvelle grosse prestation hier face \u00e0 Parme, Adam Ounas a eu droit aux \u00e9loges de la presse italienne. Le journaliste de Sky Sport, Paolo Cond\u00f2 a, ainsi, fait les louanges du tr\u00e8s technique joueur milieu de terrain de l\u2019EN en d\u00e9clarant\u00a0:\u00a0\u00abNous avons eu, une [&hellip;]<\/p>\n","protected":false},"author":1738,"featured_media":0,"comment_status":"closed","ping_status":"closed","sticky":false,"template":"","format":"standard","meta":{"fifu_image_url":"\/\/cdn.lebuteur.com\/data\/images\/article\/thumbs\/large-fc-crotone-la-place-dounas-est-a-naples-et-non-pas-en-serie-b-80588.jpg","fifu_image_alt":"Pros : FC Crotone : \u00abLa place d\u2019Ounas est \u00e0 Naples, et non pas en S\u00e9rie B\u00bb","footnotes":""},"categories":[53,75],"tags":[],"class_list":["post-115583","post","type-post","status-publish","format-standard","hentry","category-algerie","category-sport"],"_links":{"self":[{"href":"https:\/\/linitiative.ca\/International\/wp-json\/wp\/v2\/posts\/115583","targetHints":{"allow":["GET"]}}],"collection":[{"href":"https:\/\/linitiative.ca\/International\/wp-json\/wp\/v2\/posts"}],"about":[{"href":"https:\/\/linitiative.ca\/International\/wp-json\/wp\/v2\/types\/post"}],"author":[{"embeddable":true,"href":"https:\/\/linitiative.ca\/International\/wp-json\/wp\/v2\/users\/1738"}],"replies":[{"embeddable":true,"href":"https:\/\/linitiative.ca\/International\/wp-json\/wp\/v2\/comments?post=115583"}],"version-history":[{"count":0,"href":"https:\/\/linitiative.ca\/International\/wp-json\/wp\/v2\/posts\/115583\/revisions"}],"wp:attachment":[{"href":"https:\/\/linitiative.ca\/International\/wp-json\/wp\/v2\/media?parent=115583"}],"wp:term":[{"taxonomy":"category","embeddable":true,"href":"https:\/\/linitiative.ca\/International\/wp-json\/wp\/v2\/categories?post=115583"},{"taxonomy":"post_tag","embeddable":true,"href":"https:\/\/linitiative.ca\/International\/wp-json\/wp\/v2\/tags?post=115583"}],"curies":[{"name":"wp","href":"https:\/\/api.w.org\/{rel}","templated":true}]}}