{"id":115588,"date":"2021-04-25T15:14:04","date_gmt":"2021-04-25T19:14:04","guid":{"rendered":"https:\/\/linitiative.ca\/International\/pros-un-club-espagnol-sajoute-aux-pretendants-pour-la-signature-de-aissa-mandi\/"},"modified":"2021-04-25T15:14:04","modified_gmt":"2021-04-25T19:14:04","slug":"pros-un-club-espagnol-sajoute-aux-pretendants-pour-la-signature-de-aissa-mandi","status":"publish","type":"post","link":"https:\/\/linitiative.ca\/International\/pros-un-club-espagnol-sajoute-aux-pretendants-pour-la-signature-de-aissa-mandi\/","title":{"rendered":"Pros : Un club espagnol s&rsquo;ajoute aux pr\u00e9tendants pour la signature de Aissa Mandi"},"content":{"rendered":"<div readability=\"32\">\n<p>Auteur : <span class=\"time\">dimanche 25 avril 2021 18:46<\/span><\/p>\n<\/div>\n<div id=\"post_core\" readability=\"44\">\n<p>Libre en fin de saison, l\u2019international alg\u00e9rien n\u2019est pas tomb\u00e9 d\u2019accord avec le Real Betis et va donc vraisemblablement quitter le club cet \u00e9t\u00e9. Et il ne manque pas de pr\u00e9tendants comme le souligne Footmercato.<\/p>\n<p>Selon les informations de Estadio Deportivo, m\u00eame si l\u2019Inter Milan semble toujours \u00eatre le mieux plac\u00e9 pour r\u00e9cup\u00e9rer le d\u00e9fenseur de 29 ans, Villarreal est aussi rentr\u00e9 dans la course cette semaine. Le Sous-Marin jaune, qui ne compte pas lever l\u2019option d\u2019achat de Juan Foyth, appr\u00e9cierait le profil de l\u2019ancien d\u00e9fenseur r\u00e9mois capable de jouer \u00e0 droite et dans l&rsquo;axe de la d\u00e9fense et surtout peu co\u00fbteux. Reste \u00e0 savoir quelle destination choisira Aissa Mandi.<\/p>\n<p><strong>Publi\u00e9 dans :<\/strong> <span>Mandi<\/span><\/p>\n<\/div>\n<p>Auteur:<br \/>\n<a href=\"http:\/\/www.lebuteur.com\/article\/detail?titre=un-club-espagnol-sajoute-aux-pretendants-pour-la-signature-de-aissa-mandi&#038;id=99837&#038;utm_source=feedburner&#038;utm_medium=feed&#038;utm_campaign=Feed%3A+GalerieFArtciles+%28Les+derniers+articles++-+lebuteur.com%29\">Cliquez ici pour lire l&rsquo;article depuis sa source.<\/a><\/p>\n","protected":false},"excerpt":{"rendered":"<p>Auteur : dimanche 25 avril 2021 18:46 Libre en fin de saison, l\u2019international alg\u00e9rien n\u2019est pas tomb\u00e9 d\u2019accord avec le Real Betis et va donc vraisemblablement quitter le club cet \u00e9t\u00e9. Et il ne manque pas de pr\u00e9tendants comme le souligne Footmercato. Selon les informations de Estadio Deportivo, m\u00eame si l\u2019Inter Milan semble toujours \u00eatre [&hellip;]<\/p>\n","protected":false},"author":1738,"featured_media":0,"comment_status":"closed","ping_status":"closed","sticky":false,"template":"","format":"standard","meta":{"fifu_image_url":"\/\/cdn.lebuteur.com\/data\/images\/article\/thumbs\/large-un-club-espagnol-sajoute-aux-pretendants-pour-la-signature-de-aissa-mandi-04ec9.jpg","fifu_image_alt":"Pros : Un club espagnol s'ajoute aux pr\u00e9tendants pour la signature de Aissa Mandi","footnotes":""},"categories":[53,75],"tags":[],"class_list":["post-115588","post","type-post","status-publish","format-standard","hentry","category-algerie","category-sport"],"_links":{"self":[{"href":"https:\/\/linitiative.ca\/International\/wp-json\/wp\/v2\/posts\/115588","targetHints":{"allow":["GET"]}}],"collection":[{"href":"https:\/\/linitiative.ca\/International\/wp-json\/wp\/v2\/posts"}],"about":[{"href":"https:\/\/linitiative.ca\/International\/wp-json\/wp\/v2\/types\/post"}],"author":[{"embeddable":true,"href":"https:\/\/linitiative.ca\/International\/wp-json\/wp\/v2\/users\/1738"}],"replies":[{"embeddable":true,"href":"https:\/\/linitiative.ca\/International\/wp-json\/wp\/v2\/comments?post=115588"}],"version-history":[{"count":0,"href":"https:\/\/linitiative.ca\/International\/wp-json\/wp\/v2\/posts\/115588\/revisions"}],"wp:attachment":[{"href":"https:\/\/linitiative.ca\/International\/wp-json\/wp\/v2\/media?parent=115588"}],"wp:term":[{"taxonomy":"category","embeddable":true,"href":"https:\/\/linitiative.ca\/International\/wp-json\/wp\/v2\/categories?post=115588"},{"taxonomy":"post_tag","embeddable":true,"href":"https:\/\/linitiative.ca\/International\/wp-json\/wp\/v2\/tags?post=115588"}],"curies":[{"name":"wp","href":"https:\/\/api.w.org\/{rel}","templated":true}]}}