{"id":115589,"date":"2021-04-25T15:14:06","date_gmt":"2021-04-25T19:14:06","guid":{"rendered":"https:\/\/linitiative.ca\/International\/pros-mgladbach-bensebaini-buteur-face-a-larminia-bielefeld-video\/"},"modified":"2021-04-25T15:14:06","modified_gmt":"2021-04-25T19:14:06","slug":"pros-mgladbach-bensebaini-buteur-face-a-larminia-bielefeld-video","status":"publish","type":"post","link":"https:\/\/linitiative.ca\/International\/pros-mgladbach-bensebaini-buteur-face-a-larminia-bielefeld-video\/","title":{"rendered":"Pros : M&rsquo;Gladbach : Bensebaini buteur face \u00e0 l&rsquo;Arminia Bielefeld (Vid\u00e9o)"},"content":{"rendered":"<div readability=\"32\">\n<p>Auteur : <span class=\"time\">dimanche 25 avril 2021 19:23<\/span><\/p>\n<\/div>\n<div id=\"post_core\" readability=\"38\">\n<p>Ce match a finalement \u00e9t\u00e9 \u00e0 sens unique suite \u00e0 l&rsquo;ouverture du score pr\u00e9coce de Breel Embolo (6e). Le Borussia M\u00f6nchengladbach a ensuite d\u00e9roul\u00e9 puisque Marcus Thuram y est all\u00e9 de son but (15e) avant que Ramy Bensebaini inscrive un troisi\u00e8me but (18e). En seconde p\u00e9riode, Breel Embolo s&rsquo;est m\u00eame offert un doubl\u00e9 (69e) comme l&rsquo;indique Footmercato. Alassane Pl\u00e9a (84e) a conclu le spectacle pour permettre au Borussia M\u00f6nchengladbach de s&rsquo;imposer 5-0.<\/p>\n<p><strong>Publi\u00e9 dans :<\/strong> <span>Bensebaini<\/span><\/p>\n<\/div>\n<p>Auteur:<br \/>\n<a href=\"http:\/\/www.lebuteur.com\/article\/detail?titre=mgladbach-bensebaini-buteur-face-a-larminia-bielefeld-video&#038;id=99838&#038;utm_source=feedburner&#038;utm_medium=feed&#038;utm_campaign=Feed%3A+GalerieFArtciles+%28Les+derniers+articles++-+lebuteur.com%29\">Cliquez ici pour lire l&rsquo;article depuis sa source.<\/a><\/p>\n","protected":false},"excerpt":{"rendered":"<p>Auteur : dimanche 25 avril 2021 19:23 Ce match a finalement \u00e9t\u00e9 \u00e0 sens unique suite \u00e0 l&rsquo;ouverture du score pr\u00e9coce de Breel Embolo (6e). Le Borussia M\u00f6nchengladbach a ensuite d\u00e9roul\u00e9 puisque Marcus Thuram y est all\u00e9 de son but (15e) avant que Ramy Bensebaini inscrive un troisi\u00e8me but (18e). En seconde p\u00e9riode, Breel Embolo [&hellip;]<\/p>\n","protected":false},"author":1738,"featured_media":0,"comment_status":"closed","ping_status":"closed","sticky":false,"template":"","format":"standard","meta":{"fifu_image_url":"\/\/cdn.lebuteur.com\/data\/images\/article\/thumbs\/large-mgladbach-bensebaini-buteur-face-a-larminia-bielefeld-video-7983f.jpg","fifu_image_alt":"Pros : M'Gladbach : Bensebaini buteur face \u00e0 l'Arminia Bielefeld (Vid\u00e9o)","footnotes":""},"categories":[53,75],"tags":[],"class_list":["post-115589","post","type-post","status-publish","format-standard","hentry","category-algerie","category-sport"],"_links":{"self":[{"href":"https:\/\/linitiative.ca\/International\/wp-json\/wp\/v2\/posts\/115589","targetHints":{"allow":["GET"]}}],"collection":[{"href":"https:\/\/linitiative.ca\/International\/wp-json\/wp\/v2\/posts"}],"about":[{"href":"https:\/\/linitiative.ca\/International\/wp-json\/wp\/v2\/types\/post"}],"author":[{"embeddable":true,"href":"https:\/\/linitiative.ca\/International\/wp-json\/wp\/v2\/users\/1738"}],"replies":[{"embeddable":true,"href":"https:\/\/linitiative.ca\/International\/wp-json\/wp\/v2\/comments?post=115589"}],"version-history":[{"count":0,"href":"https:\/\/linitiative.ca\/International\/wp-json\/wp\/v2\/posts\/115589\/revisions"}],"wp:attachment":[{"href":"https:\/\/linitiative.ca\/International\/wp-json\/wp\/v2\/media?parent=115589"}],"wp:term":[{"taxonomy":"category","embeddable":true,"href":"https:\/\/linitiative.ca\/International\/wp-json\/wp\/v2\/categories?post=115589"},{"taxonomy":"post_tag","embeddable":true,"href":"https:\/\/linitiative.ca\/International\/wp-json\/wp\/v2\/tags?post=115589"}],"curies":[{"name":"wp","href":"https:\/\/api.w.org\/{rel}","templated":true}]}}