{"id":11559,"date":"2019-02-05T08:16:41","date_gmt":"2019-02-05T13:16:41","guid":{"rendered":"https:\/\/linitiative.ca\/International\/bouira-lade-se-dote-dequipements-speciaux-pour-sectoriser-le-reseau\/"},"modified":"2019-02-05T08:16:41","modified_gmt":"2019-02-05T13:16:41","slug":"bouira-lade-se-dote-dequipements-speciaux-pour-sectoriser-le-reseau","status":"publish","type":"post","link":"https:\/\/linitiative.ca\/International\/bouira-lade-se-dote-dequipements-speciaux-pour-sectoriser-le-reseau\/","title":{"rendered":"Bouira : l\u2019ADE se dote d\u2019\u00e9quipements sp\u00e9ciaux pour sectoriser le r\u00e9seau"},"content":{"rendered":"<div>\n<div class=\"K2FeedImage\"><img decoding=\"async\" src=\"http:\/\/www.aps.dz\/media\/k2\/items\/cache\/d4a4c4fd221f46633789bef4f0266af2_S.jpg\" alt=\"Bouira : l\u2019ADE se dote d\u2019\u00e9quipements sp\u00e9ciaux pour sectoriser le r\u00e9seau\"><\/div>\n<div class=\"K2FeedIntroText\">\n<p>Bouira- L\u2019Alg\u00e9rienne des Eaux (ADE) de Bouira s\u2019estdot\u00e9e mardi d\u2019\u00e9quipements technologiques sp\u00e9ciaux devant lui permettre de sectoriser le r\u00e9seau d\u2019alimentation d\u2019eau potable et de rechercher les fuites souterraines, a indiqu\u00e9 la charg\u00e9e de la communication de cette soci\u00e9t\u00e9 publique, Mme Souad Khellife.<\/p>\n<\/div>\n<div class=\"K2FeedFullText\">\n<blockquote>\n<p><em><strong>Selon les d\u00e9tails fournis par la m\u00eame responsable lors d\u2019une sortie avec la presse sur le terrain pour s\u2019enqu\u00e9rir du fonctionnement de ces mat\u00e9riels, Mme Khellife a pr\u00e9cis\u00e9 qu\u2019il s\u2019agit d\u2019\u00e9quipements sp\u00e9ciaux, qui, a-t-elle expliqu\u00e9, \u00ab\u00a0permettront aux \u00e9quipes d\u2019intervention de l\u2019ADE de d\u00e9tecter toute fuite d\u2019eau souterraine\u00a0\u00bb.<\/strong><\/em><\/p>\n<\/blockquote>\n<p>\u00ab\u00a0Ce travail s\u2019inscrit dans le cadre d\u2019un programme de lutte contre la d\u00e9perdition physique d\u2019eau dont la recherche de fuite invisible est l\u2019un de ces axes\u00a0\u00bb, a ajout\u00e9 la charg\u00e9e de la communication de l\u2019ADE de Bouira.<\/p>\n<p>Mme Khellife a tenu \u00e0 pr\u00e9ciser que ce programme d\u2019action s\u2019article aussi sur la r\u00e9gulation et modulation de la pression d\u2019eau, la suppression des branchements illicites et la r\u00e9paration rapide des fuites visibles, semi visibles et invisibles.<\/p>\n<p>\u00ab\u00a0Ces \u00e9quipements nous permettent d\u2019\u0153uvrer avec efficacit\u00e9 \u00e0 la pr\u00e9servation de cette ressource vitale (eau) ainsi que pour l\u2019entretien des r\u00e9seau d\u2019alimentation en cas de fuites\u00a0\u00bb, a-t-elle dit.<\/p>\n<p>\u00a0La sectorisation consiste \u00e0 subdiviser le r\u00e9seau d\u2019eau potable en plusieurs secteurs selon la configuration de la distribution, sur lesquelles les volumes mis en distribution sont mesur\u00e9s, sur chacun des secteurs.<\/p>\n<blockquote>\n<p><strong><em>\u00ab\u00a0Nous r\u00e9aliserons la mesure de la consommation pour d\u00e9terminer en particulier le d\u00e9bit minimum nocturne pour calculer pour chaque secteur l\u2019indice lin\u00e9aire de fuite\u00a0\u00bb, a encore ajout\u00e9 la m\u00eame responsable.<\/em><\/strong><\/p>\n<\/blockquote>\n<p>Elle a \u00e9galement soulign\u00e9 que la sectorisation est bas\u00e9e sur les mesures des volumes mis en distribution sur chacune des secteurs d\u00e9finis. Les mesures de d\u00e9bit sont r\u00e9alis\u00e9es avec des compteurs implant\u00e9s sur tout les points d\u2019entr\u00e9e ou de sortie de chaque secteur de r\u00e9seau.<\/p>\n<blockquote>\n<p><em><strong>\u00ab\u00a0Ces \u00e9quipements permettent aussi de mesurer le niveau des r\u00e9servoirs et les b\u00e2ches de stockage en service sur le r\u00e9seau, les mesures de niveau sont r\u00e9alis\u00e9es par des sondes pi\u00e9zom\u00e9trique\u00a0\u00bb, a-t-elle tenu \u00e0 pr\u00e9ciser.<\/strong><\/em><\/p>\n<\/blockquote>\n<p>A propos de la m\u00e9thode de pr\u00e9-localisation des fuites, Mme Khellife a expliqu\u00e9 qu\u2019elle consiste \u00e0 s\u00e9parer le r\u00e9seau en secteur \u00e9tanche ou section avec un seul point d\u2019approvisionnement, puis \u00e0 mesurer les d\u00e9bits de nuit (entre 00h00 a 4h00 du matin) sur chaque secteur par des fermentures successives des vannes de sectionnement du secteur.<\/p>\n<p>\u00ab\u00a0Cela nous permet de quantifier les pertes par tan\u00e7ons\u00a0\u00bb, a-t-elle encore ajout\u00e9.<\/p>\n<\/div>\n<\/div>\n","protected":false},"excerpt":{"rendered":"<p>Bouira- L\u2019Alg\u00e9rienne des Eaux (ADE) de Bouira s\u2019estdot\u00e9e mardi d\u2019\u00e9quipements technologiques sp\u00e9ciaux devant lui permettre de sectoriser le r\u00e9seau d\u2019alimentation d\u2019eau potable et de rechercher les fuites souterraines, a indiqu\u00e9 la charg\u00e9e de la communication de cette soci\u00e9t\u00e9 publique, Mme Souad Khellife. Selon les d\u00e9tails fournis par la m\u00eame responsable lors d\u2019une sortie avec la [&hellip;]<\/p>\n","protected":false},"author":1790,"featured_media":11560,"comment_status":"closed","ping_status":"closed","sticky":false,"template":"","format":"standard","meta":{"fifu_image_url":"","fifu_image_alt":"","footnotes":""},"categories":[53,76],"tags":[],"class_list":["post-11559","post","type-post","status-publish","format-standard","has-post-thumbnail","hentry","category-algerie","category-regions"],"_links":{"self":[{"href":"https:\/\/linitiative.ca\/International\/wp-json\/wp\/v2\/posts\/11559","targetHints":{"allow":["GET"]}}],"collection":[{"href":"https:\/\/linitiative.ca\/International\/wp-json\/wp\/v2\/posts"}],"about":[{"href":"https:\/\/linitiative.ca\/International\/wp-json\/wp\/v2\/types\/post"}],"author":[{"embeddable":true,"href":"https:\/\/linitiative.ca\/International\/wp-json\/wp\/v2\/users\/1790"}],"replies":[{"embeddable":true,"href":"https:\/\/linitiative.ca\/International\/wp-json\/wp\/v2\/comments?post=11559"}],"version-history":[{"count":0,"href":"https:\/\/linitiative.ca\/International\/wp-json\/wp\/v2\/posts\/11559\/revisions"}],"wp:featuredmedia":[{"embeddable":true,"href":"https:\/\/linitiative.ca\/International\/wp-json\/"}],"wp:attachment":[{"href":"https:\/\/linitiative.ca\/International\/wp-json\/wp\/v2\/media?parent=11559"}],"wp:term":[{"taxonomy":"category","embeddable":true,"href":"https:\/\/linitiative.ca\/International\/wp-json\/wp\/v2\/categories?post=11559"},{"taxonomy":"post_tag","embeddable":true,"href":"https:\/\/linitiative.ca\/International\/wp-json\/wp\/v2\/tags?post=11559"}],"curies":[{"name":"wp","href":"https:\/\/api.w.org\/{rel}","templated":true}]}}