{"id":115593,"date":"2021-04-25T17:22:40","date_gmt":"2021-04-25T21:22:40","guid":{"rendered":"https:\/\/linitiative.ca\/International\/tunisie-enseignement-de-base-nouvelles-decisions\/"},"modified":"2021-04-25T17:22:40","modified_gmt":"2021-04-25T21:22:40","slug":"tunisie-enseignement-de-base-nouvelles-decisions","status":"publish","type":"post","link":"https:\/\/linitiative.ca\/International\/tunisie-enseignement-de-base-nouvelles-decisions\/","title":{"rendered":"Tunisie-Enseignement de base: Nouvelles d\u00e9cisions"},"content":{"rendered":"<div class=\"post-cont-in left relative\">\n<div id=\"post-info-wrap\" class=\"left relative post-info-out\">\n<div class=\"post-info-img left relative\"><img decoding=\"async\" alt=\"\" src=\"https:\/\/secure.gravatar.com\/avatar\/ea481d7287ad38ca1787f44b5bb1b70e?s=50&amp;d=mm&amp;r=g\" srcset=\"https:\/\/secure.gravatar.com\/avatar\/ea481d7287ad38ca1787f44b5bb1b70e?s=100&amp;d=mm&amp;r=g 2x\" class=\"avatar avatar-50 photo\" height=\"50\" width=\"50\" loading=\"lazy\"\/><\/div>\n<div class=\"post-info-in\">\n<div class=\"post-info-right left relative post-info-name left relative\"><span><span class=\"post-info-text\">Par<\/span> <span class=\"author-name vcard fn author\"><a href=\"https:\/\/www.tunisienumerique.com\/author\/rania-ben-slimane\/\" title=\"Articles par rania ben slimane\" rel=\"author\">rania ben slimane<\/a><\/span><\/span> <span class=\"post-date updated\"><time class=\"post-date updated\" datetime=\"2021-04-25\">\u00a0| Il y a 6 secondes<\/time><\/span><br \/>\n<meta itemprop=\"dateModified\" content=\"2021-04-25\"\/><\/div>\n<div class=\"left relative\"><button id=\"listenButton1\" class=\"responsivevoice-button\" type=\"button\" value=\"Play\" title=\"\u00c9coutez l'article\"><span>\ud83d\udd0a \u00c9coutez l&rsquo;article<\/span><\/button>\n<\/div>\n<\/div>\n<\/div>\n<p>Le comit\u00e9 paritaire du cycle primaire a tenu une s\u00e9ance de travail au si\u00e8ge du minist\u00e8re de l\u2019\u00c9ducation, le 24 avril 2021.<\/p>\n<div class=\"code-block code-block-1 c4\">\n <ins class=\"adsbygoogle c3\" data-ad-layout=\"in-article\" data-ad-format=\"fluid\" data-ad-client=\"ca-pub-2102118777505746\" data-ad-slot=\"7301775417\"\/>\n<\/div>\n<p>Au cours de la r\u00e9union, les membres du comit\u00e9 ont discut\u00e9 des moyens de r\u00e9ussir la fin de l\u2019ann\u00e9e scolaire, notamment apr\u00e8s la suspension des cours et il a \u00e9t\u00e9 convenu de ce qui suit\u00a0:<\/p>\n<ul>\n<li>La poursuite des cours dans les \u00e9coles primaires avec les m\u00eames organisations p\u00e9dagogiques, \u00e0 condition de mettre l\u2019accent sur l\u2019apprentissage de la langue arabe, les math\u00e9matiques, l\u2019\u00e9veil scientifique, le fran\u00e7ais et l\u2019anglais, compte tenu de la densit\u00e9 de leurs contenus.<\/li>\n<li>Organisation des examens oraux directement pendant la semaine pr\u00e9c\u00e9dant les \u00e9preuves \u00e9crites, parall\u00e8lement au d\u00e9roulement normal des cours.<\/li>\n<li>Organisation des \u00e9preuves \u00e9crites les 16, 17, 18, 19 et 21 juin<\/li>\n<li>Correction des examens et remise des notes du 22 au 24 juin et maintien de la date des vacances scolaires le 30 juin<\/li>\n<li>Assurer les conditions sanitaires et les exigences de s\u00e9curit\u00e9 dans toutes les \u00e9coles primaires.<\/li>\n<li>La recommandation du Comit\u00e9 d\u2019inclure le personnel \u00e9ducatif parmi les prioritaires dans la vaccination contre Corona.<\/li>\n<li>La fin de l\u2019ann\u00e9e scolaire \u00e0 sa date d\u2019\u00e9ch\u00e9ance.<\/li>\n<\/ul>\n<p>Le comit\u00e9 a \u00e9galement annonc\u00e9 que la mise en \u0153uvre de ces d\u00e9cisions d\u00e9pend de l\u2019\u00e9volution de la situation \u00e9pid\u00e9miologique.<\/p>\n<div class=\"swp_social_panel swp_horizontal_panel swp_flat_fresh swp_default_full_color swp_individual_full_color swp_other_full_color scale-100 scale-\" data-min-width=\"1100\" data-float-color=\"#ffffff\" data-float=\"bottom\" data-float-mobile=\"bottom\" data-transition=\"slide\">\n<div class=\"nc_tweetContainer swp_share_button total_shares total_sharesalt\"><span class=\"swp_count\">0 <span class=\"swp_label\">Partages<\/span><\/span><\/div>\n<\/div>\n<p><strong>Que se passe-t-il en Tunisie?<\/strong><br \/>Nous expliquons sur notre <a href=\"https:\/\/www.youtube.com\/channel\/UCRzypVq0B_yBad5eGrwBx0Q?sub_confirmation=1\" target=\"_blank\" rel=\"noopener\">cha\u00eene YouTube<\/a> . <a href=\"https:\/\/www.youtube.com\/channel\/UCRzypVq0B_yBad5eGrwBx0Q?sub_confirmation=1\" target=\"_blank\" rel=\"noopener\">Abonnez-vous!<\/a><\/p>\n<div class=\"mvp-org-wrap\" itemprop=\"publisher\">\n<div class=\"mvp-org-logo\" itemprop=\"logo\"><img decoding=\"async\" src=\"https:\/\/www.tunisienumerique.com\/wp-content\/uploads\/2017\/02\/logo_tunisie_numerique.png\"\/><br \/>\n<meta itemprop=\"url\" content=\"https:\/\/www.tunisienumerique.com\/wp-content\/uploads\/2017\/02\/logo_tunisie_numerique.png\"\/><\/div>\n<p><meta content=\"Tunisie\"\/><\/div>\n<div class=\"mvp-related-posts left relative\">\n<h4 class=\"post-header\"><span class=\"post-header\">Lire aussi<\/span><\/h4>\n<\/div>\n<div id=\"article-ad\">\n <ins class=\"adsbygoogle c5\" data-ad-client=\"ca-pub-2102118777505746\" data-ad-slot=\"6513972734\" data-ad-format=\"auto\" data-full-width-responsive=\"true\"\/>\n<\/div>\n<\/div>\n<div id=\"post-sidebar-wrap\">\n <ins class=\"adsbygoogle c5\" data-ad-client=\"ca-pub-2102118777505746\" data-ad-slot=\"6168283410\" data-ad-format=\"auto\" data-full-width-responsive=\"true\"\/>\n<\/div>\n<p>Auteur: rania ben slimane<br \/>\n<a href=\"https:\/\/www.tunisienumerique.com\/tunisie-enseignement-de-base-nouvelles-decisions\/\">Cliquez ici pour lire l&rsquo;article depuis sa source.<\/a><\/p>\n","protected":false},"excerpt":{"rendered":"<p>Par rania ben slimane \u00a0| Il y a 6 secondes \ud83d\udd0a \u00c9coutez l&rsquo;article Le comit\u00e9 paritaire du cycle primaire a tenu une s\u00e9ance de travail au si\u00e8ge du minist\u00e8re de l\u2019\u00c9ducation, le 24 avril 2021. Au cours de la r\u00e9union, les membres du comit\u00e9 ont discut\u00e9 des moyens de r\u00e9ussir la fin de l\u2019ann\u00e9e scolaire, [&hellip;]<\/p>\n","protected":false},"author":1789,"featured_media":0,"comment_status":"closed","ping_status":"closed","sticky":false,"template":"","format":"standard","meta":{"fifu_image_url":"https:\/\/secure.gravatar.com\/avatar\/ea481d7287ad38ca1787f44b5bb1b70e?s=50&d=mm&r=g","fifu_image_alt":"Tunisie-Enseignement de base: Nouvelles d\u00e9cisions","footnotes":""},"categories":[73,55],"tags":[],"class_list":["post-115593","post","type-post","status-publish","format-standard","hentry","category-actualite","category-tunisie"],"_links":{"self":[{"href":"https:\/\/linitiative.ca\/International\/wp-json\/wp\/v2\/posts\/115593","targetHints":{"allow":["GET"]}}],"collection":[{"href":"https:\/\/linitiative.ca\/International\/wp-json\/wp\/v2\/posts"}],"about":[{"href":"https:\/\/linitiative.ca\/International\/wp-json\/wp\/v2\/types\/post"}],"author":[{"embeddable":true,"href":"https:\/\/linitiative.ca\/International\/wp-json\/wp\/v2\/users\/1789"}],"replies":[{"embeddable":true,"href":"https:\/\/linitiative.ca\/International\/wp-json\/wp\/v2\/comments?post=115593"}],"version-history":[{"count":0,"href":"https:\/\/linitiative.ca\/International\/wp-json\/wp\/v2\/posts\/115593\/revisions"}],"wp:attachment":[{"href":"https:\/\/linitiative.ca\/International\/wp-json\/wp\/v2\/media?parent=115593"}],"wp:term":[{"taxonomy":"category","embeddable":true,"href":"https:\/\/linitiative.ca\/International\/wp-json\/wp\/v2\/categories?post=115593"},{"taxonomy":"post_tag","embeddable":true,"href":"https:\/\/linitiative.ca\/International\/wp-json\/wp\/v2\/tags?post=115593"}],"curies":[{"name":"wp","href":"https:\/\/api.w.org\/{rel}","templated":true}]}}