{"id":115594,"date":"2021-04-25T14:39:45","date_gmt":"2021-04-25T18:39:45","guid":{"rendered":"https:\/\/linitiative.ca\/International\/transition-politique-au-tchad\/"},"modified":"2021-04-25T14:39:45","modified_gmt":"2021-04-25T18:39:45","slug":"transition-politique-au-tchad","status":"publish","type":"post","link":"https:\/\/linitiative.ca\/International\/transition-politique-au-tchad\/","title":{"rendered":"TRANSITION POLITIQUE AU TCHAD"},"content":{"rendered":"<p class=\"c4\"><em>Les obs\u00e8ques de l\u2019ancien pr\u00e9sident tchadien, Idriss Deby Itno, se sont d\u00e9roul\u00e9es le 23 avril \u00a0dernier. Le grand chef des Blancs, Emmanuel Macron, en personne, a fait le d\u00e9placement de Ndjamena pour rendre un dernier hommage au soldat et surtout \u00e0 \u00ab\u00a0l\u2019ami\u00a0\u00bb de la France. Des chefs d\u2019Etat de l\u2019Afrique centrale et ceux des pays du Sahel africain, y ont \u00e9galement fait le d\u00e9placement pour traduire non seulement leur reconnaissance \u00e0 l\u2019illustre disparu, mais aussi pour apporter leur soutien au nouvel homme fort du pays, c\u2019est-\u00e0-dire Mahamat Idriss Deby. Au plan donc exog\u00e8ne, ce dernier\u00a0 peut se r\u00e9jouir de la presque unanimit\u00e9 qui s\u2019est d\u00e9gag\u00e9e pour saluer son av\u00e8nement au pouvoir. Il peut notamment se satisfaire de ce que le premier responsable de l\u2019ex-puissance coloniale, lui ait donn\u00e9 la garantie qu\u2019il veillera sur la stabilit\u00e9 et l\u2019int\u00e9grit\u00e9 territoriale du Tchad, comme du lait sur le feu. Le message est clair et net. Et il a \u00e9t\u00e9 certainement entendu du c\u00f4t\u00e9 de la Libye\u00a0; elle qui a toujours \u00e9t\u00e9 une menace pour l\u2019int\u00e9grit\u00e9 territoriale du Tchad et dont le territoire sert aujourd\u2019hui de base arri\u00e8re aux rebelles du FACT (Front pour l\u2019alternance et la concorde au Tchad). Le message presque martial du grand chef des Blancs, a \u00e9t\u00e9 certainement entendu \u00e9galement par ce mouvement politico-militaire.<\/em><\/p>\n<p class=\"c4\"><em>\u00a0<\/em><\/p>\n<p class=\"c6\"><strong><em>Le probl\u00e8me du Tchad ne se r\u00e9duit\u00a0 pas aujourd\u2019hui seulement \u00e0 la r\u00e9bellion arm\u00e9e<\/em><\/strong><\/p>\n<p class=\"c4\"><em>\u00a0<\/em><\/p>\n<p class=\"c4\"><em>La France fera tout pour la stabilit\u00e9 du Tchad. Elle d\u00e9ploiera donc l\u2019armada qu\u2019il faut, si ce n\u2019est d\u00e9j\u00e0 fait, pour emp\u00eacher les rebelles de marcher sur Ndjamena. Et \u00e0 moins de vouloir se faire harakiri, les rebelles n\u2019ont pas d\u2019autre choix que de prendre en consid\u00e9ration l\u2019avertissement des autorit\u00e9s hexagonales. En tout cas, l\u2019on peut faire le constat que depuis le d\u00e9c\u00e8s du pr\u00e9sident Idriss Deby, les rebelles du FACT observent une tr\u00eave. Mieux, ils ont laiss\u00e9 entendre ceci\u00a0: \u00ab\u00a0Nous sommes d\u2019accord pour un cessez-le-feu, pour une solution politique aux probl\u00e8mes tchadiens\u00a0\u00bb. Deby fils va-t-il acc\u00e9der \u00e0 cette offre de paix de ceux qui ont tu\u00e9 son p\u00e8re\u00a0? Rien n\u2019est moins s\u00fbr. En tout cas, son arm\u00e9e continue de bombarder les positions rebelles. Et fort du soutien officiel de la France, Deby fils pourrait \u00eatre tent\u00e9 de venger son p\u00e8re. Et cela pourrait passer non seulement par une victoire militaire totale sur les rebelles, mais aussi par\u00a0 la mort de leur chef, Mahamat Mahadi Ali. Deby fils pourra donc entamer sa prise de pouvoir par\u00a0 des offensives militaires significatives contre les rebelles du FACT. Et\u00a0 avec l\u2019appui de la France, cela sera\u00a0 un jeu d\u2019enfants. Mais m\u00eame si ce sc\u00e9nario se r\u00e9alise, le pays n\u2019aura pas pour autant la t\u00eate hors de l\u2019eau. En effet, le probl\u00e8me du Tchad ne se r\u00e9duit\u00a0 pas aujourd\u2019hui seulement \u00e0 la r\u00e9bellion arm\u00e9e. Tout le monde ou presque est vent debout pour d\u00e9noncer cette forme de d\u00e9volution monarchique du pouvoir. Et aucun d\u00e9mocrate, qu\u2019il soit du Tchad ou en dehors, ne peut accepter d\u2019avaler la couleuvre que Macron et compagnie tentent de faire avaler aux Tchadiens. En tout cas, les jours \u00e0 venir pourraient \u00eatre tr\u00e8s agit\u00e9s au Tchad. Demain mardi d\u00e9j\u00e0, la soci\u00e9t\u00e9 civile appelle \u00e0 manifester contre les g\u00e9n\u00e9raux qui se sont retranch\u00e9s au CMT (Comit\u00e9 militaire de transition) pour perp\u00e9tuer le syst\u00e8me Deby p\u00e8re et d\u00e9fendre leurs int\u00e9r\u00eats.<\/em><\/p>\n<p class=\"c4\"><em>\u00a0<\/em><\/p>\n<p class=\"c6\"><strong><em>La force\u00a0 militaire ne peut pas r\u00e9gler les probl\u00e8mes politiques<\/em><\/strong><\/p>\n<p class=\"c6\"><strong><em>\u00a0<\/em><\/strong><\/p>\n<p class=\"c4\"><em>Et Deby fils commettrait une grande faute politique, s\u2019il\u00a0 faisait couler le moindre sang des croquants. Car, \u00a0dans ce cas de figure, l\u2019opinion politique fran\u00e7aise pourrait monter au cr\u00e9neau pour appeler Macron \u00e0 revoir sa copie vis-\u00e0-vis de Deby fils. Macron tout comme Deby fils sont en train de marcher sur des \u0153ufs. En dehors du MPS (Mouvement patriotique du salut), parti fond\u00e9 par Deby p\u00e8re, qui se dit favorable au CMT, tous les autres partis\u00a0 et associations de la soci\u00e9t\u00e9 \u00a0militent pour une transition d\u00e9mocratique au Tchad. Rien que ce dimanche, le Cardinal de Ndjamena a appel\u00e9\u00a0 \u00e0 une transition d\u00e9mocratique et inclusive au Tchad. A la v\u00e9rit\u00e9, Deby fils a int\u00e9r\u00eat \u00e0 civiliser le r\u00e9gime. Et le d\u00e9c\u00e8s brutal de son p\u00e8re est une opportunit\u00e9 pour lui, d\u2019arrimer enfin le Tchad \u00e0 la d\u00e9mocratie, la vraie. C\u2019est seulement \u00e0 ce prix\u00a0 que le Tchad peut aspirer \u00e0 la stabilit\u00e9 et au d\u00e9veloppement. Toutes les autres options\u00a0 sont sans issue. La force\u00a0 militaire ne peut pas r\u00e9gler les probl\u00e8mes politiques. C\u2019est s\u00fbr que les faucons de son clan tenteront de le maintenir dans la logique militariste et tribale de son d\u00e9funt p\u00e8re, pour pr\u00e9server\u00a0 leurs privil\u00e8ges. Mais il doit tout faire, pour autant qu\u2019il aime le Tchad, pour s\u2019affranchir de cette logique qui ne peut que conduire le pays au chaos et m\u00eame menacer sa vie. C\u2019est de\u00a0 cette fa\u00e7on seulement qu\u2019il apportera la preuve qu\u2019il n\u2019est pas venu aux affaires pour venger son p\u00e8re, mais pour apporter sa contribution \u00e0 la r\u00e9alisation de la premi\u00e8re alternance d\u00e9mocratique du pays.<\/em><\/p>\n<p class=\"c4\"><em>\u00a0<\/em><\/p>\n<p class=\"c6\"><strong><em>\u00ab\u00a0Le Pays\u00a0\u00bb<\/em><\/strong><\/p>\n<p><strong>\u00a0<\/strong><\/p>\n<p>Auteur: Editions LEPAYS<br \/>\n<a href=\"https:\/\/lepays.bf\/transition-politique-au-tchad\/\">Cliquez ici pour lire l&rsquo;article depuis sa source.<\/a><\/p>\n","protected":false},"excerpt":{"rendered":"<p>Les obs\u00e8ques de l\u2019ancien pr\u00e9sident tchadien, Idriss Deby Itno, se sont d\u00e9roul\u00e9es le 23 avril \u00a0dernier. Le grand chef des Blancs, Emmanuel Macron, en personne, a fait le d\u00e9placement de Ndjamena pour rendre un dernier hommage au soldat et surtout \u00e0 \u00ab\u00a0l\u2019ami\u00a0\u00bb de la France. Des chefs d\u2019Etat de l\u2019Afrique centrale et ceux des pays [&hellip;]<\/p>\n","protected":false},"author":1813,"featured_media":0,"comment_status":"closed","ping_status":"closed","sticky":false,"template":"","format":"standard","meta":{"fifu_image_url":"","fifu_image_alt":"","footnotes":""},"categories":[73,81],"tags":[],"class_list":["post-115594","post","type-post","status-publish","format-standard","hentry","category-actualite","category-burkina-faso"],"_links":{"self":[{"href":"https:\/\/linitiative.ca\/International\/wp-json\/wp\/v2\/posts\/115594","targetHints":{"allow":["GET"]}}],"collection":[{"href":"https:\/\/linitiative.ca\/International\/wp-json\/wp\/v2\/posts"}],"about":[{"href":"https:\/\/linitiative.ca\/International\/wp-json\/wp\/v2\/types\/post"}],"author":[{"embeddable":true,"href":"https:\/\/linitiative.ca\/International\/wp-json\/wp\/v2\/users\/1813"}],"replies":[{"embeddable":true,"href":"https:\/\/linitiative.ca\/International\/wp-json\/wp\/v2\/comments?post=115594"}],"version-history":[{"count":0,"href":"https:\/\/linitiative.ca\/International\/wp-json\/wp\/v2\/posts\/115594\/revisions"}],"wp:attachment":[{"href":"https:\/\/linitiative.ca\/International\/wp-json\/wp\/v2\/media?parent=115594"}],"wp:term":[{"taxonomy":"category","embeddable":true,"href":"https:\/\/linitiative.ca\/International\/wp-json\/wp\/v2\/categories?post=115594"},{"taxonomy":"post_tag","embeddable":true,"href":"https:\/\/linitiative.ca\/International\/wp-json\/wp\/v2\/tags?post=115594"}],"curies":[{"name":"wp","href":"https:\/\/api.w.org\/{rel}","templated":true}]}}