{"id":115599,"date":"2021-04-25T16:59:25","date_gmt":"2021-04-25T20:59:25","guid":{"rendered":"https:\/\/linitiative.ca\/International\/journee-nationale-du-paysan-la-securisation-du-foncier-preoccupe-les-producteurs\/"},"modified":"2021-04-25T16:59:25","modified_gmt":"2021-04-25T20:59:25","slug":"journee-nationale-du-paysan-la-securisation-du-foncier-preoccupe-les-producteurs","status":"publish","type":"post","link":"https:\/\/linitiative.ca\/International\/journee-nationale-du-paysan-la-securisation-du-foncier-preoccupe-les-producteurs\/","title":{"rendered":"Journ\u00e9e nationale du paysan  : la s\u00e9curisation du foncier pr\u00e9occupe les producteurs"},"content":{"rendered":"<div class=\"td-post-featured-image\"><a href=\"https:\/\/www.sidwaya.info\/wp-content\/uploads\/2021\/04\/1-61.jpg\" data-caption=\"\"><img loading=\"lazy\" decoding=\"async\" width=\"595\" height=\"423\" class=\"entry-thumb td-modal-image\" src=\"https:\/\/www.sidwaya.info\/wp-content\/uploads\/2021\/04\/1-61.jpg\" srcset=\"https:\/\/www.sidwaya.info\/wp-content\/uploads\/2021\/04\/1-61.jpg 595w, https:\/\/www.sidwaya.info\/wp-content\/uploads\/2021\/04\/1-61-300x213.jpg 300w, https:\/\/www.sidwaya.info\/wp-content\/uploads\/2021\/04\/1-61-150x107.jpg 150w, https:\/\/www.sidwaya.info\/wp-content\/uploads\/2021\/04\/1-61-591x420.jpg 591w, https:\/\/www.sidwaya.info\/wp-content\/uploads\/2021\/04\/1-61-100x70.jpg 100w\" sizes=\"auto, (max-width: 595px) 100vw, 595px\" alt=\"\" title=\"1\"\/><\/a><\/div>\n<p><strong>L\u2019acte fort de la 22e Journ\u00e9e nationale du paysan (JNP), tenue le 24 avril 2021 \u00e0 Manga, a \u00e9t\u00e9 les \u00e9changes directs entre le pr\u00e9sident du Faso et les producteurs. Les d\u00e9bats ont tourn\u00e9 autour des d\u00e9fis s\u00e9curitaire et sanitaire, le financement de l\u2019agriculture et de l\u2019\u00e9levage, la gestion des ressources foresti\u00e8res, hydrauliques, fonci\u00e8res, etc.<\/strong><\/p>\n<figure id=\"attachment_34764\" aria-describedby=\"caption-attachment-34764\" class=\"wp-caption alignleft c1\"><img decoding=\"async\" loading=\"lazy\" class=\"wp-image-34764 size-medium\" src=\"https:\/\/www.sidwaya.info\/wp-content\/uploads\/2021\/04\/2-6-300x200.jpg\" alt=\"\" width=\"300\" height=\"200\" srcset=\"https:\/\/www.sidwaya.info\/wp-content\/uploads\/2021\/04\/2-6-300x200.jpg 300w, https:\/\/www.sidwaya.info\/wp-content\/uploads\/2021\/04\/2-6-150x100.jpg 150w, https:\/\/www.sidwaya.info\/wp-content\/uploads\/2021\/04\/2-6.jpg 595w\" sizes=\"auto, (max-width: 300px) 100vw, 300px\"\/><figcaption id=\"caption-attachment-34764\" class=\"wp-caption-text\">Le ministre en charge de l\u2019agriculture, Salifou Ou\u00e9draogo, a promis que son d\u00e9partement poursuivra les activit\u00e9s d\u2019appui-conseil aux producteurs.<\/figcaption><\/figure>\n<p>Les \u00e9changes directs entre les producteurs et le Pr\u00e9sident du Faso, Roch Marc Christian Kabor\u00e9, lors de la 22e Journ\u00e9e nationale du paysan (JNP) ont dur\u00e9 pr\u00e8s de 5 heures d\u2019horloge. Les pr\u00e9occupations des 400 d\u00e9l\u00e9gu\u00e9s venus des 45 provinces du pays, le samedi 24 avril 2021 \u00e0 Manga, ont port\u00e9 essentiellement sur les questions fonci\u00e8re, s\u00e9curitaire, financi\u00e8re et la pr\u00e9servation des ressources foresti\u00e8res et fauniques. D\u00e8s l\u2019entame, les acteurs ont fait le point des recommandations issues des diff\u00e9rents ateliers sectoriels ; Agriculture, Elevage, Environnement et Eau et des foras r\u00e9gionaux, tenus du 13 au 16 avril 2021.<\/p>\n<p>En ce qui concerne le secteur de l\u2019\u00e9levage, le monde rural recommande d\u2019allouer au moins 30% des 10% du budget du secteur agricole conform\u00e9ment aux engagements de Malabo, de poursuivre les actions de soutien et de rel\u00e8vement des entreprises en 2020, c\u2019est-\u00e0-dire la gratuit\u00e9 de la vaccination, l\u2019appui \u00e0 l\u2019alimentation des animaux, l\u2019octroi de noyaux reproducteurs aux \u00e9leveurs et investir davantage dans la protection et la reconstitution du cheptel dans les zones d\u2019accueil des personnes d\u00e9plac\u00e9es internes pour am\u00e9liorer leurs conditions de vie et celle des populations h\u00f4tes.<\/p>\n<p>A propos du secteur de l\u2019agriculture, les acteurs ont sugg\u00e9r\u00e9 d\u2019allouer au moins 30 milliards F CFA d\u2019ici \u00e0 2023 au Fonds de d\u00e9veloppement agricole (FDA), de prioriser les acteurs professionnels agrosylvopastoraux dans l\u2019ex\u00e9cution des march\u00e9s institutionnels, \u00e0 savoir la cantine scolaire, la sant\u00e9, la justice, la d\u00e9fense, la SONAGESS\u2026 et reconna\u00eetre la Centrale d\u2019achat des intrants et mat\u00e9riel<br \/>agricole (CAIMA) comme Association d\u2019utilit\u00e9 publique et lui accorder des garanties pour un cr\u00e9dit documentaire d\u2019au moins 50 milliards F CFA.<\/p>\n<p>Concernant le secteur de l\u2019environnement, les recommandations portent sur l\u2019\u00e9laboration et la mise en \u0153uvre d\u2019un programme de r\u00e9habilitation des espaces de conservation, la prise de mesures compensatrices au profit des acteurs de la faune et des acteurs de production, de transformation et de commercialisation des produits forestiers ligneux et non ligneux et la prise en compte des semences foresti\u00e8res am\u00e9lior\u00e9es et intrants de production dans la mise \u00e0 disposition des intrants aux producteurs \u00e0 prix subventionn\u00e9s.<\/p>\n<p><strong>Une pr\u00e9occupation majeure<\/strong><\/p>\n<p>Pour ce qui est du secteur de l\u2019eau, il a \u00e9t\u00e9 propos\u00e9 de s\u00e9curiser les infrastructures strat\u00e9giques de mobilisation et de distribution d\u2019eau existantes et en cours de r\u00e9alisation et d\u2019assurer la protection des cours et retenues d\u2019eau contre la pollution, l\u2019ensablement et<br \/>les pratiques n\u00e9fastes. R\u00e9agissant aux aspects financiers, notamment la dotation du FDA et la CAIMA, le ministre en charge de l\u2019\u00e9conomie et des finances, Lassan\u00e9 Kabor\u00e9, s\u2019est voulu clair sur les contraintes budg\u00e9taires auxquelles fait face le gouvernement. \u00ab Compte tenu des contraintes s\u00e9curitaire et sanitaire, nous ne pouvons pas trouver de l\u2019argent tout de suite et maintenant pour doter le FDA et la CAIMA.<\/p>\n<p>Mais nous allons travailler progressivement \u00e0 accro\u00eetre les budgets de ces diff\u00e9rentes structures \u00bb, a-t-il expliqu\u00e9. Abondant dans le m\u00eame sens, le chef de l\u2019Etat, Roch Marc Christian Kabor\u00e9, a pr\u00e9cis\u00e9 que les recettes du pays ont \u00e9t\u00e9 r\u00e9duits de plus de 300 milliards F CFA. M\u00eame s\u2019il a reconnu que l\u2019agriculture est une priorit\u00e9 pour le gouvernement, il a fait savoir que la question s\u00e9curitaire reste pr\u00e9occupante. Tout compte fait, il a promis de mettre tout en \u0153uvre pour continuer \u00e0 doter les producteurs de mat\u00e9riel et des semences de qualit\u00e9 et en quantit\u00e9 pour faciliter leur travail. Le pr\u00e9sident de la Conf\u00e9d\u00e9ration paysanne du Faso, Bassiaka Dao, comme bon nombre de producteurs, a plaid\u00e9 pour la s\u00e9curisation fonci\u00e8re en milieu rural puisque de son point de vue, le foncier est une bombe \u00e0 retardement. Il a affirm\u00e9 sans ambages que les promoteurs immobiliers sont en train de d\u00e9pecer le Burkina Faso comme un mouton de Tabaski. Mais le ministre de l\u2019Urbanisme, de l\u2019Habitat et de la Ville, Me B\u00e9n\u00e9wend\u00e9 Stanislas Sankara, invit\u00e9 par le pr\u00e9sident du Faso, a apport\u00e9 des \u00e9clairages sur la question. A l\u2019entendre, il y a certes de l\u2019incivisme foncier, mais le diagnostic op\u00e9r\u00e9 sur la question permet de conclure que le sujet est ma\u00eetris\u00e9. \u00abLa ma\u00eetrise vient du fait que nous connaissons les causes du probl\u00e8me li\u00e9es \u00e0 la gestion du foncier. \u00c0 titre d\u2019exemple, 16 autres lois sont d\u00e9riv\u00e9es de la loi-m\u00e8re qui est la R\u00e9forme agraire et fonci\u00e8re (RAF) de 2008. C\u2019est la principale source de d\u00e9rives dans le foncier. Ayons le courage de faire marche-arri\u00e8re pour permettre \u00e0 l\u2019Etat de retrouver sa pl\u00e9nitude dans la gestion de la terre, garant de toutes les autres activit\u00e9s humaines \u00bb, a-t-il argu\u00e9.<\/p>\n<p><strong>La s\u00e9curit\u00e9, une condition sine qua non<\/strong><\/p>\n<p>Me Sankara a, dans le m\u00eame ordre d\u2019id\u00e9es, confi\u00e9 qu\u2019un comit\u00e9 interminist\u00e9riel impliquant huit d\u00e9partements a \u00e9t\u00e9 mis en place, le 19 avril dernier, pour faire des propositions de mesures conservatoires.<br \/>Aussi a-t-il rappel\u00e9 que to<\/p>\n<figure id=\"attachment_34765\" aria-describedby=\"caption-attachment-34765\" class=\"wp-caption alignright c1\"><img decoding=\"async\" loading=\"lazy\" class=\"wp-image-34765 size-medium\" src=\"https:\/\/www.sidwaya.info\/wp-content\/uploads\/2021\/04\/3-2-300x200.jpg\" alt=\"\" width=\"300\" height=\"200\" srcset=\"https:\/\/www.sidwaya.info\/wp-content\/uploads\/2021\/04\/3-2-300x200.jpg 300w, https:\/\/www.sidwaya.info\/wp-content\/uploads\/2021\/04\/3-2-150x100.jpg 150w, https:\/\/www.sidwaya.info\/wp-content\/uploads\/2021\/04\/3-2.jpg 595w\" sizes=\"auto, (max-width: 300px) 100vw, 300px\"\/><figcaption id=\"caption-attachment-34765\" class=\"wp-caption-text\">Le pr\u00e9sident de la CPF, Bassiaka Dao, a souhait\u00e9 que l\u2019Etat conf\u00e8re \u00e0 sa structure le statut d\u2019association d\u2019utilit\u00e9 publique.<\/figcaption><\/figure>\n<p>utes les op\u00e9rations de traitement des dossiers de promotion immobili\u00e8re sont suspendues depuis le 9 f\u00e9vrier 2021 jusqu\u2019\u00e0 nouvel ordre. \u00ab M\u00eame si cela va amener des grincements de dents, nous allons prendre toutes les dispositions utiles pour r\u00e9gler cette question du foncier \u00bb, a rench\u00e9ri le pr\u00e9sident du Faso.<br \/>Outre ces pr\u00e9occupations, les paysans ont souhait\u00e9 que le gouvernement travaille \u00e0 am\u00e9liorer la s\u00e9curit\u00e9 dans les aires prot\u00e9g\u00e9es et pastorales, les zones de production et espaces de conservation. Ils veulent, par ailleurs, la r\u00e9alisation d\u2019unit\u00e9s de transformation, de comptoirs d\u2019achat des fruits et l\u00e9gumes dans les zones en d\u00e9ficit, une meilleure r\u00e9partition des projets et programmes dans le secteur agro-sylvo-pastoral, la disponibilisation des intrants \u00e0 co\u00fbts r\u00e9duits. Sur le volet s\u00e9curitaire, le ministre de la D\u00e9fense nationale et des Anciens combattants, Moumina Ch\u00e9riff Sy, a rassur\u00e9 que des unit\u00e9s de protection des aires prot\u00e9g\u00e9es seront d\u00e9ploy\u00e9es afin de permettre aux producteurs de pratiquer leurs activit\u00e9s en toute qui\u00e9tude. Mieux, il a annonc\u00e9 que dans la r\u00e9gion de l\u2019Est, le gouvernement installera bient\u00f4t un r\u00e9giment d\u2019infanterie commando pour renforcer le dispositif s\u00e9curitaire d\u00e9j\u00e0 d\u00e9ploy\u00e9. Toutefois, il a fait comprendre \u00e0 l\u2019ensemble des participants que le terrorisme est une affaire de tout le monde.<\/p>\n<p>A ce titre, il a soulign\u00e9 que les populations doivent accepter de collaborer franchement avec les Forces de d\u00e9fense et de s\u00e9curit\u00e9. \u00ab Les terroristes qui occupent certaines for\u00eats, \u00e9cument certains villages et hameaux de cultures sont parfois connus de certains habitants de ces localit\u00e9s. Ils se ravitaillent en carburant et en vivres aux yeux de ces m\u00eames populations. Mais, personne ne pipe mot ou ne d\u00e9nonce ces types de comportements aux FDS. Comment on fait ? \u00bb, a lanc\u00e9 \u00e0 l\u2019assistance le ministre Sy pour insister sur la n\u00e9cessit\u00e9 de coop\u00e9rer avec les forces de d\u00e9fense et de s\u00e9curit\u00e9.<\/p>\n<p>Pour la question en lien avec la r\u00e9partition des projets et programmes dans le secteur agro sylvo pastoral soulev\u00e9e par les producteurs du Centre-Sud, le ministre de l\u2019Agriculture, des Am\u00e9nagements hydroagricoles et de la M\u00e9canisation, Salifou Ou\u00e9draogo, a cit\u00e9 des initiatives majeures lanc\u00e9es par son d\u00e9partement et d\u2019autres en cours de mise en \u0153uvre. Il s\u2019agit de l\u2019initiative \u2018\u2019Mod\u00e8le d\u2019exploitation agricole innovante, r\u00e9siliente et performante\u2019\u2019 et son extension aux bas-fonds, l\u2019Initiative cantine scolaire et l\u2019op\u00e9ration une commune, un tracteur, l\u2019initiative \u2018\u2019Produire un million de tonnes de riz paddy d\u2019ici \u00e0 2021\u2019\u2019. Il a pr\u00e9cis\u00e9 que gr\u00e2ce \u00e0 la Banque mondiale et d\u2019autres partenaires techniques et financiers, de grands projets de plus de 50 milliards F CFA profiteront \u00e0 tous les acteurs du monde rural.<\/p>\n<p><strong>La r\u00e9silience, l\u2019une des solutions pour continuer \u00e0 produire<\/strong><\/p>\n<p>Une autre probl\u00e9matique, pas des moindres qui est revenue maintes fois lors des \u00e9changes est l\u2019acc\u00e8s \u00e0 l\u2019eau. A ce niveau, le ministre de l\u2019Eau et de l\u2019Assainissement, Ousmane Nacro, invit\u00e9 par le pr\u00e9sident du Faso, a donn\u00e9 des \u00e9l\u00e9ments de r\u00e9ponses sur l\u2019ensemble des actions men\u00e9es par son d\u00e9partement pour renforcer les infrastructures de conservation de l\u2019eau. A titre d\u2019exemple, dans la r\u00e9gion du Centre-Nord, il a soutenu que les travaux de r\u00e9habilitation du lac Bam sont en cours avec un taux d\u2019ex\u00e9cution de plus de 50%. Les \u00e9tudes de faisabilit\u00e9 du lac Dem sont disponibles et les travaux sont pr\u00e9vus pour \u00eatre r\u00e9alis\u00e9s sur la p\u00e9riode 2021-2025, foi du ministre Nacro. Pour ce qui est de la r\u00e9gion du Centre-Ouest, Ousmane Nacro a annonc\u00e9 le d\u00e9marrage en 2022 des travaux de construction du barrage de Niangdo dans la commune de Poa. Dans le Plateau central, il a r\u00e9v\u00e9l\u00e9 que trois barrages ont \u00e9t\u00e9 r\u00e9alis\u00e9s dans les villages de Kouldisgou, Taba et Pougma dans le Ganzourgou. R\u00e9pondant \u00e0 une pr\u00e9occupation d\u2019un producteur de Niou, le ministre a inform\u00e9 que le march\u00e9 du barrage de la commune de Niou a \u00e9t\u00e9 r\u00e9sili\u00e9 pour cause de d\u00e9faillance de l\u2019entreprise. Par contre, Ousmane Nacro a assur\u00e9 du d\u00e9marrage des travaux de r\u00e9habilitation des barrages de Nagr\u00e9ongo et d\u2019Absouya pour renforcer la capacit\u00e9 du barrage de Ziga.<\/p>\n<p>A la fin des \u00e9changes, Roch Marc Christian Kabor\u00e9 a dit toute sa satisfaction de cette journ\u00e9e, au regard de la qualit\u00e9 des documents de synth\u00e8se des travaux et des interventions.<br \/>Pour lui, le th\u00e8me de cette \u00e9dition de la JNP : \u00ab Impacts socio-\u00e9conomiques des crises s\u00e9curitaire et sanitaire sur les secteurs productifs du monde rural : quelles strat\u00e9gies de r\u00e9silience ? \u00bb, appelle \u00e0 trouver des strat\u00e9gies pour s\u2019adapter \u00e0 la situation et aux circonstances afin de continuer \u00e0 investir dans des secteurs porteurs au bonheur des populations. En attendant, il a instruit les ministres en charge du d\u00e9veloppement rural \u00e0 prendre les dispositions n\u00e9cessaires pour une mise en \u0153uvre effective<br \/>des diff\u00e9rentes recommandations.<\/p>\n<p class=\"c2\">\u00a0<strong>Gaspard BAYALA<\/strong><\/p>\n<div class=\"td-a-rec td-a-rec-id-content_bottom tdi_33_5cf td_block_template_1\">\n<p><img loading=\"lazy\" decoding=\"async\" class=\"aligncenter size-full wp-image-27454\" src=\"https:\/\/www.sidwaya.info\/wp-content\/uploads\/2020\/10\/PUB-Bandeau-paiement-mobile-siteweb.jpg\" alt=\"\" width=\"728\" height=\"90\"\/><\/div>\n<p>Auteur: BM. Sidwaya<br \/>\n<a href=\"https:\/\/www.sidwaya.info\/blog\/2021\/04\/25\/journee-nationale-du-paysan-la-securisation-du-foncier-preoccupe-les-producteurs\/\">Cliquez ici pour lire l&rsquo;article depuis sa source.<\/a><\/p>\n","protected":false},"excerpt":{"rendered":"<p>L\u2019acte fort de la 22e Journ\u00e9e nationale du paysan (JNP), tenue le 24 avril 2021 \u00e0 Manga, a \u00e9t\u00e9 les \u00e9changes directs entre le pr\u00e9sident du Faso et les producteurs. Les d\u00e9bats ont tourn\u00e9 autour des d\u00e9fis s\u00e9curitaire et sanitaire, le financement de l\u2019agriculture et de l\u2019\u00e9levage, la gestion des ressources foresti\u00e8res, hydrauliques, fonci\u00e8res, etc. [&hellip;]<\/p>\n","protected":false},"author":1816,"featured_media":0,"comment_status":"closed","ping_status":"closed","sticky":false,"template":"","format":"standard","meta":{"fifu_image_url":"https:\/\/www.sidwaya.info\/wp-content\/uploads\/2021\/04\/1-61.jpg","fifu_image_alt":"Journ\u00e9e nationale du paysan  : la s\u00e9curisation du foncier pr\u00e9occupe les producteurs","footnotes":""},"categories":[73,81],"tags":[],"class_list":["post-115599","post","type-post","status-publish","format-standard","hentry","category-actualite","category-burkina-faso"],"_links":{"self":[{"href":"https:\/\/linitiative.ca\/International\/wp-json\/wp\/v2\/posts\/115599","targetHints":{"allow":["GET"]}}],"collection":[{"href":"https:\/\/linitiative.ca\/International\/wp-json\/wp\/v2\/posts"}],"about":[{"href":"https:\/\/linitiative.ca\/International\/wp-json\/wp\/v2\/types\/post"}],"author":[{"embeddable":true,"href":"https:\/\/linitiative.ca\/International\/wp-json\/wp\/v2\/users\/1816"}],"replies":[{"embeddable":true,"href":"https:\/\/linitiative.ca\/International\/wp-json\/wp\/v2\/comments?post=115599"}],"version-history":[{"count":0,"href":"https:\/\/linitiative.ca\/International\/wp-json\/wp\/v2\/posts\/115599\/revisions"}],"wp:attachment":[{"href":"https:\/\/linitiative.ca\/International\/wp-json\/wp\/v2\/media?parent=115599"}],"wp:term":[{"taxonomy":"category","embeddable":true,"href":"https:\/\/linitiative.ca\/International\/wp-json\/wp\/v2\/categories?post=115599"},{"taxonomy":"post_tag","embeddable":true,"href":"https:\/\/linitiative.ca\/International\/wp-json\/wp\/v2\/tags?post=115599"}],"curies":[{"name":"wp","href":"https:\/\/api.w.org\/{rel}","templated":true}]}}