{"id":115600,"date":"2021-04-25T17:05:55","date_gmt":"2021-04-25T21:05:55","guid":{"rendered":"https:\/\/linitiative.ca\/International\/lapres-deby-en-question\/"},"modified":"2021-04-25T17:05:55","modified_gmt":"2021-04-25T21:05:55","slug":"lapres-deby-en-question","status":"publish","type":"post","link":"https:\/\/linitiative.ca\/International\/lapres-deby-en-question\/","title":{"rendered":"L\u2019apr\u00e8s Deby en question"},"content":{"rendered":"<div class=\"td-post-featured-image\"><a href=\"https:\/\/www.sidwaya.info\/wp-content\/uploads\/2021\/04\/1-62.jpg\" data-caption=\"\"><img loading=\"lazy\" decoding=\"async\" width=\"612\" height=\"437\" class=\"entry-thumb td-modal-image\" src=\"https:\/\/www.sidwaya.info\/wp-content\/uploads\/2021\/04\/1-62.jpg\" srcset=\"https:\/\/www.sidwaya.info\/wp-content\/uploads\/2021\/04\/1-62.jpg 612w, https:\/\/www.sidwaya.info\/wp-content\/uploads\/2021\/04\/1-62-300x214.jpg 300w, https:\/\/www.sidwaya.info\/wp-content\/uploads\/2021\/04\/1-62-150x107.jpg 150w, https:\/\/www.sidwaya.info\/wp-content\/uploads\/2021\/04\/1-62-588x420.jpg 588w, https:\/\/www.sidwaya.info\/wp-content\/uploads\/2021\/04\/1-62-100x70.jpg 100w\" sizes=\"auto, (max-width: 612px) 100vw, 612px\" alt=\"\" title=\"1\"\/><\/a><\/div>\n<p>La nouvelle a fait l\u2019effet d\u2019une bombe. Mort au combat selon la version officielle, le pr\u00e9sident tchadien, le Mar\u00e9chal Idriss Deby Itno (MIDI) a re\u00e7u, le vendredi 22 avril 2021 \u00e0 la Place de la Nation de N\u2019Djamena, les derniers hommages de ses pairs d\u2019Afrique centrale et du G5 Sahel, au rang desquels, le Pr\u00e9sident du Faso, Roch Marc Christian Kabor\u00e9. Emotion, tristesse et crainte de l\u2019apr\u00e8s Deby \u00e9taient palpables parmi les nombreux Tchadiens inconsolables et l\u2019ar\u00e9opage de personnalit\u00e9s pr\u00e9sentes aux obs\u00e8ques. Quoique rassurant, son remplacement dans la foul\u00e9e par l\u2019un de ses fils, le g\u00e9n\u00e9ral de corps d\u2019arm\u00e9e Mahamat Idriss Deby, port\u00e9 \u00e0 la t\u00eate d\u2019un Comit\u00e9 militaire de transition en tant que nouvel homme fort du Tchad ne dissipe pas pour autant les interrogations. Des interrogations l\u00e9gitimes pour le Tchad et son arm\u00e9e, forte de 40 000 \u00e0 65 000 hommes et femmes, devenue le maillon fort du dispositif de lutte contre le terrorisme au Sahel, sollicit\u00e9e r\u00e9guli\u00e8rement par ses voisins et les partenaires occidentaux.<\/p>\n<p>En 2013 en effet, apr\u00e8s le d\u00e9clenchement de l\u2019op\u00e9ration Serval au Mali, l\u2019engagement des Forces arm\u00e9es tchadiennes, command\u00e9es en second par un certain Mahamat Idriss Deby aux c\u00f4t\u00e9s des forces fran\u00e7aises dans les massifs des Ifoghas, a permis au pays de Soundiata K\u00e9ita de retrouver une relative int\u00e9grit\u00e9 territoriale et de se d\u00e9faire momentan\u00e9ment de l\u2019emprise terroriste. Entre 2019 et 2020, alors qu\u2019une vague d\u2019attaques terroristes fait rage dans la r\u00e9gion des trois fronti\u00e8res (Mali-Burkina-Niger), l\u2019intr\u00e9pide soldat Deby est appel\u00e9 \u00e0 la rescousse par ses partenaires du Sahel et occidentaux. Il sera pris \u00e0 revers par le groupe terroriste Boko Haram dans les r\u00e9gions du Lac Tchad. La n\u00e9buleuse lui infligera l\u2019attaque la plus meurtri\u00e8re contre l\u2019arm\u00e9e tchadienne en avril 2020 \u00e0 Bohoma. Elle a eu pour cons\u00e9quence la suspension du d\u00e9ploiement des FATIM dans la r\u00e9gion des trois fronti\u00e8res et le d\u00e9clenchement d\u2019une contre-offensive d\u00e9nomm\u00e9e \u00ab Col\u00e8re de Bohoma \u00bb, conduite par le Pr\u00e9sident Idriss Deby himself pour \u00ab laver l\u2019affront \u00bb jusque dans les fronti\u00e8res du grand voisin nig\u00e9rian. Un an plus tard, tel un signal de la pr\u00e9sidence tchadienne du G5 Sahel \u00e0 partir de f\u00e9vrier 2021, les soldats tchadiens ont enfin pris position dans la r\u00e9gion des trois fronti\u00e8res avec des r\u00e9sultats tangibles \u00e0 partir du Burkina Faso, du Niger et du Mali. C\u2019est dans ce contexte que le Marechal, engag\u00e9 sur toutes ses fronti\u00e8res et \u00e0 l\u2019ext\u00e9rieur, a d\u00fb faire face \u00e0 une \u00e9ni\u00e8me r\u00e9bellion venue de Libye.<\/p>\n<p>Le rempart contre l\u2019instabilit\u00e9 r\u00e9gionale est tomb\u00e9 les armes \u00e0 la main. Faut-il y voir le d\u00e9but de l\u2019effondrement du Tchad ? Et par ricochet un boulevard de jonction infernale entre Boko Haram, les Shebab \u00e0 l\u2019Est du continent et AQMI au Sahel comme le professent certaines pr\u00e9visions apocalyptiques ? Sans occulter les vicissitudes d\u2019une arm\u00e9e \u00e0 base communautaire en proie \u00e0 des dissensions et \u00e0 des probl\u00e8mes d\u2019indisciplines (le Tchad a reconnu les viols de plusieurs femmes dans la ville nig\u00e9rienne de Tera par son contingent d\u00e9ploy\u00e9 dans la zone des trois fronti\u00e8res), le d\u00e9fi pour l\u2019ensemble des partenaires r\u00e9gionaux et internationaux du Tchad est de travailler \u00e0 \u00e9loigner cette \u00e9ventualit\u00e9. Cela passe par le soutien sans \u00e9quivoque aux autorit\u00e9s de Transition d\u2019un pays engag\u00e9 pour \u00e9teindre le feu chez ses voisins alors que sa situation \u00e9conomique reste particuli\u00e8rement difficile du fait de la baisse du cours de l\u2019or noir et de la r\u00e9cession mondiale. La France, premier partenaire s\u00e9curitaire du pays semble l\u2019avoir compris. Car, il en va aujourd\u2019hui du Tchad comme de la Libye en 2011. La moindre erreur d\u2019appr\u00e9ciation sera susceptible de remettre en question une dizaine d\u2019ann\u00e9es d\u2019efforts d\u2019endiguement de l\u2019hydre terroriste, loin de donner le moindre signe d\u2019essoufflement.<\/p>\n<p class=\"c1\"><strong>Par Mahamadi TIEGNA<\/strong><br \/><strong>mahamaditiegna@yahoo.fr<\/strong><\/p>\n<div class=\"td-a-rec td-a-rec-id-content_bottom tdi_33_d51 td_block_template_1\">\n<p><img loading=\"lazy\" decoding=\"async\" class=\"aligncenter size-full wp-image-27454\" src=\"https:\/\/www.sidwaya.info\/wp-content\/uploads\/2020\/10\/PUB-Bandeau-paiement-mobile-siteweb.jpg\" alt=\"\" width=\"728\" height=\"90\"\/><\/div>\n<p>Auteur: BM. Sidwaya<br \/>\n<a href=\"https:\/\/www.sidwaya.info\/blog\/2021\/04\/25\/lapres-deby-en-question\/\">Cliquez ici pour lire l&rsquo;article depuis sa source.<\/a><\/p>\n","protected":false},"excerpt":{"rendered":"<p>La nouvelle a fait l\u2019effet d\u2019une bombe. Mort au combat selon la version officielle, le pr\u00e9sident tchadien, le Mar\u00e9chal Idriss Deby Itno (MIDI) a re\u00e7u, le vendredi 22 avril 2021 \u00e0 la Place de la Nation de N\u2019Djamena, les derniers hommages de ses pairs d\u2019Afrique centrale et du G5 Sahel, au rang desquels, le Pr\u00e9sident [&hellip;]<\/p>\n","protected":false},"author":1816,"featured_media":0,"comment_status":"closed","ping_status":"closed","sticky":false,"template":"","format":"standard","meta":{"fifu_image_url":"https:\/\/www.sidwaya.info\/wp-content\/uploads\/2021\/04\/1-62.jpg","fifu_image_alt":"L\u2019apr\u00e8s Deby en question","footnotes":""},"categories":[73,81],"tags":[],"class_list":["post-115600","post","type-post","status-publish","format-standard","hentry","category-actualite","category-burkina-faso"],"_links":{"self":[{"href":"https:\/\/linitiative.ca\/International\/wp-json\/wp\/v2\/posts\/115600","targetHints":{"allow":["GET"]}}],"collection":[{"href":"https:\/\/linitiative.ca\/International\/wp-json\/wp\/v2\/posts"}],"about":[{"href":"https:\/\/linitiative.ca\/International\/wp-json\/wp\/v2\/types\/post"}],"author":[{"embeddable":true,"href":"https:\/\/linitiative.ca\/International\/wp-json\/wp\/v2\/users\/1816"}],"replies":[{"embeddable":true,"href":"https:\/\/linitiative.ca\/International\/wp-json\/wp\/v2\/comments?post=115600"}],"version-history":[{"count":0,"href":"https:\/\/linitiative.ca\/International\/wp-json\/wp\/v2\/posts\/115600\/revisions"}],"wp:attachment":[{"href":"https:\/\/linitiative.ca\/International\/wp-json\/wp\/v2\/media?parent=115600"}],"wp:term":[{"taxonomy":"category","embeddable":true,"href":"https:\/\/linitiative.ca\/International\/wp-json\/wp\/v2\/categories?post=115600"},{"taxonomy":"post_tag","embeddable":true,"href":"https:\/\/linitiative.ca\/International\/wp-json\/wp\/v2\/tags?post=115600"}],"curies":[{"name":"wp","href":"https:\/\/api.w.org\/{rel}","templated":true}]}}