{"id":115601,"date":"2021-04-25T14:18:02","date_gmt":"2021-04-25T18:18:02","guid":{"rendered":"https:\/\/linitiative.ca\/International\/la-conference-inaugurale-de-the-africa-road-builders-2021-fixee-au-19-mai\/"},"modified":"2021-04-25T14:18:02","modified_gmt":"2021-04-25T18:18:02","slug":"la-conference-inaugurale-de-the-africa-road-builders-2021-fixee-au-19-mai","status":"publish","type":"post","link":"https:\/\/linitiative.ca\/International\/la-conference-inaugurale-de-the-africa-road-builders-2021-fixee-au-19-mai\/","title":{"rendered":"La conf\u00e9rence inaugurale de The Africa Road Builders 2021 fix\u00e9e au 19 mai"},"content":{"rendered":"<div readability=\"32\">\n<p>Publi\u00e9 le 25.04.2021 \u00e0 19h18 par APA News<\/p>\n<\/div>\n<div readability=\"70\">\n<p>La conf\u00e9rence inaugurale de l\u2019\u00e9dition 2021 de The Africa Road Builders, un forum d\u2019\u00e9changes sur le d\u00e9veloppement des routes en Afrique, initialement pr\u00e9vue en mars dernier, a \u00e9t\u00e9 report\u00e9e au 19 mai prochain au Caire (\u00c9gypte) apr\u00e8s avis des autorit\u00e9s \u00e9gyptiennes.<\/p>\n<p>Selon un communiqu\u00e9 transmis dimanche \u00e0 APA, le th\u00e8me retenu de cette sixi\u00e8me \u00e9dition est: \u00a0\u00ab Routes et transports pour la sant\u00e9: actions et r\u00e9alisations pour relever les d\u00e9fis en Afrique \u00a0\u00bb.<\/p>\n<p>Cette conf\u00e9rence inaugurale, a expliqu\u00e9 Barth\u00e9l\u00e9my Kouam\u00e9, le commissaire g\u00e9n\u00e9ral de \u00a0The Africa Road Builders, permettra de partager les exp\u00e9riences sur la route et les transports en relation avec le th\u00e8me central de l\u2019ann\u00e9e. Il a ajout\u00e9 que cette conf\u00e9rence sera \u00e9galement l\u2019occasion de r\u00e9v\u00e9ler le nom du laur\u00e9at 2021 du Troph\u00e9e Babacar Ndiaye.\u00a0<\/p>\n<p>\u00ab Il s\u2019agit de partager les id\u00e9es et les bonnes pratiques en mati\u00e8re de relation entre la route, les transports et la sant\u00e9, dans un contexte de crise sanitaire mondiale. Il s\u2019agit aussi de passer en revue les politiques de s\u00e9curit\u00e9 routi\u00e8re alors que l\u2019Afrique compte un tr\u00e8s grand nombre de malades et de d\u00e9c\u00e8s li\u00e9s directement \u00e0 la route \u00bb, a par ailleurs, soulign\u00e9 M. Kouam\u00e9.<\/p>\n<p>Le Troph\u00e9e Babacar N\u2019diaye de The Africa Road Builders \u00a0est organis\u00e9 par Acturoutes, un site d\u2019information sur les infrastructures et le r\u00e9seau routier en Afrique et par l\u2019organisation M\u00e9dias pour les infrastructures et le financement en Afrique (MIFA).<\/p>\n<p>Ce prix r\u00e9compense chaque ann\u00e9e les dirigeants africains ayant lanc\u00e9 ou ex\u00e9cut\u00e9 des projets exceptionnels dans le secteur des routes, des transports et de la mobilit\u00e9. L\u2019\u00e9dition 2020 du super prix grand b\u00e2tisseur du troph\u00e9e Babacar Ndiaye de \u00a0The Africa Road Builders \u00a0a \u00e9t\u00e9 remport\u00e9e par le pr\u00e9sident \u00c9gyptien Abdel Fattah Al Sissi.<\/p>\n<\/div>\n<p>Auteur: APA News<br \/>\n<a href=\"https:\/\/www.journalducameroun.com\/la-conference-inaugurale-de-the-africa-road-builders-2021-fixee-au-19-mai\/\">Cliquez ici pour lire l&rsquo;article depuis sa source.<\/a><\/p>\n","protected":false},"excerpt":{"rendered":"<p>Publi\u00e9 le 25.04.2021 \u00e0 19h18 par APA News La conf\u00e9rence inaugurale de l\u2019\u00e9dition 2021 de The Africa Road Builders, un forum d\u2019\u00e9changes sur le d\u00e9veloppement des routes en Afrique, initialement pr\u00e9vue en mars dernier, a \u00e9t\u00e9 report\u00e9e au 19 mai prochain au Caire (\u00c9gypte) apr\u00e8s avis des autorit\u00e9s \u00e9gyptiennes. Selon un communiqu\u00e9 transmis dimanche \u00e0 [&hellip;]<\/p>\n","protected":false},"author":1965,"featured_media":0,"comment_status":"closed","ping_status":"closed","sticky":false,"template":"","format":"standard","meta":{"fifu_image_url":"","fifu_image_alt":"","footnotes":""},"categories":[73,82],"tags":[],"class_list":["post-115601","post","type-post","status-publish","format-standard","hentry","category-actualite","category-cameroun"],"_links":{"self":[{"href":"https:\/\/linitiative.ca\/International\/wp-json\/wp\/v2\/posts\/115601","targetHints":{"allow":["GET"]}}],"collection":[{"href":"https:\/\/linitiative.ca\/International\/wp-json\/wp\/v2\/posts"}],"about":[{"href":"https:\/\/linitiative.ca\/International\/wp-json\/wp\/v2\/types\/post"}],"author":[{"embeddable":true,"href":"https:\/\/linitiative.ca\/International\/wp-json\/wp\/v2\/users\/1965"}],"replies":[{"embeddable":true,"href":"https:\/\/linitiative.ca\/International\/wp-json\/wp\/v2\/comments?post=115601"}],"version-history":[{"count":0,"href":"https:\/\/linitiative.ca\/International\/wp-json\/wp\/v2\/posts\/115601\/revisions"}],"wp:attachment":[{"href":"https:\/\/linitiative.ca\/International\/wp-json\/wp\/v2\/media?parent=115601"}],"wp:term":[{"taxonomy":"category","embeddable":true,"href":"https:\/\/linitiative.ca\/International\/wp-json\/wp\/v2\/categories?post=115601"},{"taxonomy":"post_tag","embeddable":true,"href":"https:\/\/linitiative.ca\/International\/wp-json\/wp\/v2\/tags?post=115601"}],"curies":[{"name":"wp","href":"https:\/\/api.w.org\/{rel}","templated":true}]}}