{"id":115604,"date":"2021-04-25T16:18:01","date_gmt":"2021-04-25T20:18:01","guid":{"rendered":"https:\/\/linitiative.ca\/International\/cote-divoire-ousmane-diakite-designe-president-du-conseil-superieur-des-imams\/"},"modified":"2021-04-25T16:18:01","modified_gmt":"2021-04-25T20:18:01","slug":"cote-divoire-ousmane-diakite-designe-president-du-conseil-superieur-des-imams","status":"publish","type":"post","link":"https:\/\/linitiative.ca\/International\/cote-divoire-ousmane-diakite-designe-president-du-conseil-superieur-des-imams\/","title":{"rendered":"C\u00f4te d\u2019Ivoire: Ousmane Diakit\u00e9 d\u00e9sign\u00e9 pr\u00e9sident du Conseil sup\u00e9rieur des Imams"},"content":{"rendered":"<div readability=\"32\">\n<p>Publi\u00e9 le 25.04.2021 \u00e0 21h18 par APA News<\/p>\n<\/div>\n<div readability=\"97\">\n<p>L\u2019Imam Ousmane Diakit\u00e9 a \u00e9t\u00e9 d\u00e9sign\u00e9 dimanche, \u00e0 Abidjan, pr\u00e9sident du Conseil sup\u00e9rieur des Imams, des mosqu\u00e9es et des affaires islamiques de C\u00f4te d\u2019Ivoire (Cosim), en remplacement de Cheick Mamadou Traor\u00e9, d\u00e9c\u00e9d\u00e9 le 13 avril 2021.<\/p>\n<p>L\u2019Imam Ousmane Diakit\u00e9, pr\u00e9c\u00e9demment secr\u00e9taire executif du Cosim, a \u00e9t\u00e9 d\u00e9sign\u00e9 comme pr\u00e9sident de l\u2019organisation et guide de la communaut\u00e9 musulmane nationale, \u00e0 l\u2019issue d\u2019une r\u00e9union du Coll\u00e8ge de transition, compos\u00e9 de sept \u00e9minentes personnalit\u00e9s du Cosim.<\/p>\n<p>N\u00e9 le 1er janvier 1956, l\u2019Imam Ousmane Diakit\u00e9 est dipl\u00f4m\u00e9 d\u2019une ma\u00eetrise en droit public option administration int\u00e9rieure \u00a0 obtenue de 1979 \u00e0 1983 \u00e0 l\u2019Universit\u00e9 Mohamed V de Rabat \/ Maroc, \u00e0 la facult\u00e9 de droit et sciences politiques. \u00a0 \u00a0 \u00a0 \u00a0 \u00a0 \u00a0 \u00a0 \u00a0 \u00a0 \u00a0 \u00a0 \u00a0<\/p>\n<p>Au niveau acad\u00e9mique, il a fait ses \u00e9tudes primaires et secondaires \u00e0 l\u2019\u00e9cole Dar-El Hadits de Bouak\u00e9 (Nord ivoirien). De 1977 \u00e0 1978, il int\u00e8gre l\u2019Universit\u00e9 des Sciences Humaine de Strasbourg \/ France, au d\u00e9partement des langues (pour une formation en langue fran\u00e7aise)<\/p>\n<p>Sur le plan professionnel, il \u00e9tait de 2014 \u00a0\u00e0 ce jour membre de la commission centrale de la Commission \u00e9lectorale ind\u00e9pendante\u00a0(CEI), en qualit\u00e9 de repr\u00e9sentant de la Communaut\u00e9 Musulmane.<\/p>\n<p>De 1986 \u00e0 \u00a02016, il fut fonctionnaire au Minist\u00e8re de l\u2019Int\u00e9rieur en qualit\u00e9 de : Secr\u00e9taire G\u00e9n\u00e9ral de Mairie. Professeur d\u2019arabe et de fran\u00e7ais, il a offici\u00e9 au groupe scolaire Mamadou Coulibaly \u00e0 Odienn\u00e9 de1984 \u00e0 1986. \u00a0<\/p>\n<p>De puis 1988 \u00e0 ce jour, il est membre de la Ligue Islamique de pr\u00e9dicateurs en C\u00f4te dIvoire (LIPCI). \u00a0En 1990, il a fond\u00e9 le Comit\u00e9 Musulman de l\u2019encadrement de la jeunesse musulmane du d\u00e9partement d\u2019Odienn\u00e9.<\/p>\n<p>En outre, de janvier 2017- \u00e0 ce jour, il occupe le poste de Secr\u00e9taire g\u00e9n\u00e9ral de la Fondation Hinneh (compassion) pour l\u2019Education et les activit\u00e9s humanitaires. Dans la m\u00eame ann\u00e9e, en octobre, il devient membre de la Fondation Mohammed VI des Oul\u00e9mas Africains- Section C\u00f4te d\u2019Ivoire. \u00a0<\/p>\n<p>Il est \u00e9galement membre du Bureau national du Conseil national islamique (CNI) depuis 1994. De 2003 \u00e0 ce jour, il est Imam Khatib de la Mosqu\u00e9e du Mont Arafat de la Riviera Bonoumin \u00e0 Cocody-Abidjan.<\/p>\n<p>L\u2019Imam Ousmane Diakit\u00e9 a \u00e9t\u00e9 d\u00e9sign\u00e9 en 2007 secr\u00e9taire ex\u00e9cutif du Bureau National du Conseil Sup\u00e9rieur des Imams, des mosqu\u00e9es et des affaires islamiques en C\u00f4te d\u2019Ivoire (COSIM), avant d\u2019\u00eatre port\u00e9 \u00e0 la t\u00e8te de l\u2019organisation.\u00a0<\/p>\n<\/div>\n<p>Auteur: APA News<br \/>\n<a href=\"https:\/\/www.journalducameroun.com\/cote-divoire-ousmane-diakite-designe-president-du-conseil-superieur-des-imams\/\">Cliquez ici pour lire l&rsquo;article depuis sa source.<\/a><\/p>\n","protected":false},"excerpt":{"rendered":"<p>Publi\u00e9 le 25.04.2021 \u00e0 21h18 par APA News L\u2019Imam Ousmane Diakit\u00e9 a \u00e9t\u00e9 d\u00e9sign\u00e9 dimanche, \u00e0 Abidjan, pr\u00e9sident du Conseil sup\u00e9rieur des Imams, des mosqu\u00e9es et des affaires islamiques de C\u00f4te d\u2019Ivoire (Cosim), en remplacement de Cheick Mamadou Traor\u00e9, d\u00e9c\u00e9d\u00e9 le 13 avril 2021. L\u2019Imam Ousmane Diakit\u00e9, pr\u00e9c\u00e9demment secr\u00e9taire executif du Cosim, a \u00e9t\u00e9 d\u00e9sign\u00e9 [&hellip;]<\/p>\n","protected":false},"author":1965,"featured_media":0,"comment_status":"closed","ping_status":"closed","sticky":false,"template":"","format":"standard","meta":{"fifu_image_url":"","fifu_image_alt":"","footnotes":""},"categories":[73,82],"tags":[],"class_list":["post-115604","post","type-post","status-publish","format-standard","hentry","category-actualite","category-cameroun"],"_links":{"self":[{"href":"https:\/\/linitiative.ca\/International\/wp-json\/wp\/v2\/posts\/115604","targetHints":{"allow":["GET"]}}],"collection":[{"href":"https:\/\/linitiative.ca\/International\/wp-json\/wp\/v2\/posts"}],"about":[{"href":"https:\/\/linitiative.ca\/International\/wp-json\/wp\/v2\/types\/post"}],"author":[{"embeddable":true,"href":"https:\/\/linitiative.ca\/International\/wp-json\/wp\/v2\/users\/1965"}],"replies":[{"embeddable":true,"href":"https:\/\/linitiative.ca\/International\/wp-json\/wp\/v2\/comments?post=115604"}],"version-history":[{"count":0,"href":"https:\/\/linitiative.ca\/International\/wp-json\/wp\/v2\/posts\/115604\/revisions"}],"wp:attachment":[{"href":"https:\/\/linitiative.ca\/International\/wp-json\/wp\/v2\/media?parent=115604"}],"wp:term":[{"taxonomy":"category","embeddable":true,"href":"https:\/\/linitiative.ca\/International\/wp-json\/wp\/v2\/categories?post=115604"},{"taxonomy":"post_tag","embeddable":true,"href":"https:\/\/linitiative.ca\/International\/wp-json\/wp\/v2\/tags?post=115604"}],"curies":[{"name":"wp","href":"https:\/\/api.w.org\/{rel}","templated":true}]}}