{"id":115605,"date":"2021-04-26T10:00:05","date_gmt":"2021-04-26T14:00:05","guid":{"rendered":"https:\/\/linitiative.ca\/International\/les-tpe-et-pme-au-cours-de-la-strategie-de-la-bcp\/"},"modified":"2021-04-26T10:00:05","modified_gmt":"2021-04-26T14:00:05","slug":"les-tpe-et-pme-au-cours-de-la-strategie-de-la-bcp","status":"publish","type":"post","link":"https:\/\/linitiative.ca\/International\/les-tpe-et-pme-au-cours-de-la-strategie-de-la-bcp\/","title":{"rendered":"Les TPE et PME au cours de la strat\u00e9gie de la BCP"},"content":{"rendered":"<header>\n<\/header>\n<div class=\"entry-content clearfix\" readability=\"57\">\n<figure class=\"post-thumbnail\" itemprop=\"associatedMedia\" itemscope=\"itemscope\" itemtype=\"http:\/\/schema.org\/ImageObject\"><img decoding=\"async\" class=\"post_layout_5_img\" src=\"http:\/\/aujourdhui.ma\/wp-content\/uploads\/2020\/11\/bcp.jpg\" alt=\"Les TPE et PME au cours de la strat\u00e9gie de la BCP\"\/><\/figure>\n<p><span class=\"c7\"><strong>L\u2019ann\u00e9e 2020 marqu\u00e9e par le d\u00e9ploiement d\u2019une s\u00e9rie de mesures en faveur de cette cat\u00e9gorie<\/strong><\/span><span id=\"more-374833\"\/><\/p>\n<p>Si l\u2019ann\u00e9e 2020 a \u00e9t\u00e9 fortement marqu\u00e9e par la crise sanitaire, la Banque centrale populaire a voulu la placer sous le signe de la solidarit\u00e9 avec les populations et du soutien aux auto-entrepreneurs, \u00e0 la TPE et \u00e0 la PME. Il a \u00e9t\u00e9 proc\u00e9d\u00e9 ainsi au lancement officiel du plan d\u2019acc\u00e9l\u00e9ration de la TPE avec l\u2019am\u00e9nagement de 182 agences d\u00e9di\u00e9es sans oublier la signature de deux partenariats avec les r\u00e9gions de l\u2019Oriental et de Marrakech-Safi, visant la cr\u00e9ation d\u2019\u00e9cosyst\u00e8mes inclusifs. Le Groupe a, en outre, lanc\u00e9 l\u2019offre Cha\u00e2bi Intelaka, en application des Hautes orientations royales. Avec le d\u00e9clenchement de la crise sanitaire, le Groupe s\u2019est inscrit dans le grand effort national avec notamment le lancement des mesures de soutien en collaboration avec la CCG et BAM (Report des \u00e9ch\u00e9ances de cr\u00e9dits, sans frais suppl\u00e9mentaires, lancement de Damane Oxyg\u00e8ne) sans oublier le lancement de Damane Relance et Relance TPE pour soutenir la relance de l\u2019\u00e9conomie avec la tenue de r\u00e9unions avec les CGEM r\u00e9gionales et les repr\u00e9sentants des CRI.<\/p>\n<p>Par ailleurs, le Groupe a veill\u00e9 en plein crise sanitaire \u00e0 maintenir des services au niveau de l\u2019ensemble du r\u00e9seau de distribution du Groupe (plus de 3 000 points de distribution au Maroc) sans oublier la mobilisation d\u2019un r\u00e9seau mobile au profit des populations et l\u2019approvisionnement sans interruption des GAB, agences branches microcr\u00e9dit et points de services. Aussi, les responsables rel\u00e8vent une mise en \u0153uvre rapide des mesures de soutien aux clients \u00e0 travers les reports d\u2019\u00e9ch\u00e9ances et lancement des diff\u00e9rents produits en collaboration avec la CCG. Sur ce plan, le groupe BCP a trait\u00e9 et valid\u00e9 pr\u00e8s de 18.746 demandes de cr\u00e9dits \u00abDamane Oxyg\u00e8ne\u00bb, et 14.551 pour \u00abDamane Relance\u00bb jusqu\u2019au 20 mars 2021.<\/p>\n<\/div>\n<p>Auteur: Mohamed Badrane<br \/>\n<a href=\"https:\/\/aujourdhui.ma\/economie\/les-tpe-et-pme-au-cours-de-la-strategie-de-la-bcp\">Cliquez ici pour lire l&rsquo;article depuis sa source.<\/a><\/p>\n","protected":false},"excerpt":{"rendered":"<p>L\u2019ann\u00e9e 2020 marqu\u00e9e par le d\u00e9ploiement d\u2019une s\u00e9rie de mesures en faveur de cette cat\u00e9gorie Si l\u2019ann\u00e9e 2020 a \u00e9t\u00e9 fortement marqu\u00e9e par la crise sanitaire, la Banque centrale populaire a voulu la placer sous le signe de la solidarit\u00e9 avec les populations et du soutien aux auto-entrepreneurs, \u00e0 la TPE et \u00e0 la PME. [&hellip;]<\/p>\n","protected":false},"author":1759,"featured_media":0,"comment_status":"closed","ping_status":"closed","sticky":false,"template":"","format":"standard","meta":{"fifu_image_url":"http:\/\/aujourdhui.ma\/wp-content\/uploads\/2020\/11\/bcp.jpg","fifu_image_alt":"Les TPE et PME au cours de la strat\u00e9gie de la BCP","footnotes":""},"categories":[73,54],"tags":[],"class_list":["post-115605","post","type-post","status-publish","format-standard","hentry","category-actualite","category-maroc"],"_links":{"self":[{"href":"https:\/\/linitiative.ca\/International\/wp-json\/wp\/v2\/posts\/115605","targetHints":{"allow":["GET"]}}],"collection":[{"href":"https:\/\/linitiative.ca\/International\/wp-json\/wp\/v2\/posts"}],"about":[{"href":"https:\/\/linitiative.ca\/International\/wp-json\/wp\/v2\/types\/post"}],"author":[{"embeddable":true,"href":"https:\/\/linitiative.ca\/International\/wp-json\/wp\/v2\/users\/1759"}],"replies":[{"embeddable":true,"href":"https:\/\/linitiative.ca\/International\/wp-json\/wp\/v2\/comments?post=115605"}],"version-history":[{"count":0,"href":"https:\/\/linitiative.ca\/International\/wp-json\/wp\/v2\/posts\/115605\/revisions"}],"wp:attachment":[{"href":"https:\/\/linitiative.ca\/International\/wp-json\/wp\/v2\/media?parent=115605"}],"wp:term":[{"taxonomy":"category","embeddable":true,"href":"https:\/\/linitiative.ca\/International\/wp-json\/wp\/v2\/categories?post=115605"},{"taxonomy":"post_tag","embeddable":true,"href":"https:\/\/linitiative.ca\/International\/wp-json\/wp\/v2\/tags?post=115605"}],"curies":[{"name":"wp","href":"https:\/\/api.w.org\/{rel}","templated":true}]}}